{"id":279629,"date":"2023-04-28T23:19:40","date_gmt":"2023-04-28T20:19:40","guid":{"rendered":"http:\/\/sana.sy\/tr\/?p=279629"},"modified":"2023-04-30T08:20:14","modified_gmt":"2023-04-30T05:20:14","slug":"abdullehyan-suriye-iran-iliskileri-derin-ve-stratejik","status":"publish","type":"post","link":"https:\/\/archive.sana.sy\/tr\/?p=279629","title":{"rendered":"Abd\u00fcllehyan: Suriye-\u0130ran \u0130li\u015fkileri Derin Ve Stratejik"},"content":{"rendered":"<p>BEYR\u00dcT \u2013 \u0130ran D\u0131\u015fi\u015fleri Bakan\u0131 H\u00fcseyin Emir Abd\u00fcllehyan, Suriye-\u0130ran ili\u015fkilerini &#8220;m\u00fckemmel, derin ve stratejik&#8221; olarak nitelendirdi.<\/p>\n<p>Abd\u00fcllehyan, L\u00fcbnan ziyaretinin sonunda d\u00fczenledi\u011fi bas\u0131n toplant\u0131s\u0131nda, Suriye ile Arap d\u00fcnyas\u0131 aras\u0131ndaki ili\u015fkilerin g\u00fc\u00e7lenmesini memnuniyetle kar\u015f\u0131lad\u0131.<\/p>\n<p>Abd\u00fcllehyan, Suudi-\u0130ran diyalo\u011fu ile ba\u011flant\u0131l\u0131 olarak \u015eam ile Riyad aras\u0131nda diyalog ba\u015flat\u0131ld\u0131\u011f\u0131n\u0131 ve ili\u015fkilerin yeniden tesis edilmesi konusunda aralar\u0131nda \u00f6nemli bir anla\u015fmaya var\u0131ld\u0131\u011f\u0131n\u0131 belirtti.<\/p>\n<p>Abd\u00fcllehyan, Suriye&#8217;deki halk\u0131n ve ordunun liderli\u011fi etraf\u0131nda toplanmas\u0131 ve ter\u00f6rist sava\u015fa kar\u015f\u0131 birlikte durmas\u0131 sayesinde, Suriye h\u00fck\u00fcmetinin \u00e7\u00f6kece\u011fi iddias\u0131n\u0131n ba\u015far\u0131s\u0131z oldu\u011funu belirtirken, \u00fclkesinin b\u00f6lgedeki yabanc\u0131 g\u00fc\u00e7lerin yasad\u0131\u015f\u0131 varl\u0131\u011f\u0131na kar\u015f\u0131 tutumunu yeniledi.<\/p>\n<p>Abd\u00fcllehyan, \u0130ran Cumhurba\u015fkan\u0131 \u0130brahim Raisi&#8217;nin \u00f6n\u00fcm\u00fczdeki d\u00f6nemde Suriye ziyareti i\u00e7in bir program haz\u0131rland\u0131\u011f\u0131na i\u015faret etti.<\/p>\n<p><a href=\"https:\/\/t.me\/SuriyeArapHaberAjansI\">Telegram Kanal\u0131m\u0131z\u00a0<\/a><\/p>\n<p><a href=\"https:\/\/www.facebook.com\/SANAHaberAjansi\/\">Facebook Sayfam\u0131z<\/a><\/p>\n","protected":false},"excerpt":{"rendered":"<p>BEYR\u00dcT \u2013 \u0130ran D\u0131\u015fi\u015fleri Bakan\u0131 H\u00fcseyin Emir Abd\u00fcllehyan, Suriye-\u0130ran ili\u015fkilerini &#8220;m\u00fckemmel, derin ve stratejik&#8221; olarak nitelendirdi. Abd\u00fcllehyan, L\u00fcbnan ziyaretinin sonunda d\u00fczenledi\u011fi bas\u0131n toplant\u0131s\u0131nda, Suriye ile Arap d\u00fcnyas\u0131 aras\u0131ndaki ili\u015fkilerin g\u00fc\u00e7lenmesini memnuniyetle kar\u015f\u0131lad\u0131. Abd\u00fcllehyan, Suudi-\u0130ran diyalo\u011fu ile ba\u011flant\u0131l\u0131 olarak \u015eam ile Riyad aras\u0131nda diyalog ba\u015flat\u0131ld\u0131\u011f\u0131n\u0131 ve ili\u015fkilerin yeniden tesis edilmesi konusunda aralar\u0131nda \u00f6nemli bir anla\u015fmaya var\u0131ld\u0131\u011f\u0131n\u0131 &hellip;<\/p>\n","protected":false},"author":36,"featured_media":279630,"comment_status":"closed","ping_status":"closed","sticky":false,"template":"","format":"standard","meta":{"footnotes":""},"categories":[458,459,17988],"tags":[],"class_list":["post-279629","post","type-post","status-publish","format-standard","has-post-thumbnail","","category-dunya1","category-haberler-arap-uluslararasi-politika","category-son-haberler"],"_links":{"self":[{"href":"https:\/\/archive.sana.sy\/tr\/index.php?rest_route=\/wp\/v2\/posts\/279629","targetHints":{"allow":["GET"]}}],"collection":[{"href":"https:\/\/archive.sana.sy\/tr\/index.php?rest_route=\/wp\/v2\/posts"}],"about":[{"href":"https:\/\/archive.sana.sy\/tr\/index.php?rest_route=\/wp\/v2\/types\/post"}],"author":[{"embeddable":true,"href":"https:\/\/archive.sana.sy\/tr\/index.php?rest_route=\/wp\/v2\/users\/36"}],"replies":[{"embeddable":true,"href":"https:\/\/archive.sana.sy\/tr\/index.php?rest_route=%2Fwp%2Fv2%2Fcomments&post=279629"}],"version-history":[{"count":0,"href":"https:\/\/archive.sana.sy\/tr\/index.php?rest_route=\/wp\/v2\/posts\/279629\/revisions"}],"wp:featuredmedia":[{"embeddable":true,"href":"https:\/\/archive.sana.sy\/tr\/index.php?rest_route=\/wp\/v2\/media\/279630"}],"wp:attachment":[{"href":"https:\/\/archive.sana.sy\/tr\/index.php?rest_route=%2Fwp%2Fv2%2Fmedia&parent=279629"}],"wp:term":[{"taxonomy":"category","embeddable":true,"href":"https:\/\/archive.sana.sy\/tr\/index.php?rest_route=%2Fwp%2Fv2%2Fcategories&post=279629"},{"taxonomy":"post_tag","embeddable":true,"href":"https:\/\/archive.sana.sy\/tr\/index.php?rest_route=%2Fwp%2Fv2%2Ftags&post=279629"}],"curies":[{"name":"wp","href":"https:\/\/api.w.org\/{rel}","templated":true}]}}