{"id":279633,"date":"2023-04-29T11:07:50","date_gmt":"2023-04-29T08:07:50","guid":{"rendered":"http:\/\/sana.sy\/tr\/?p=279633"},"modified":"2023-04-30T08:20:23","modified_gmt":"2023-04-30T05:20:23","slug":"ulusal-deprem-merkezi-son-24-saatte-10-deprem-meydana-geldi","status":"publish","type":"post","link":"https:\/\/archive.sana.sy\/tr\/?p=279633","title":{"rendered":"Ulusal Deprem Merkezi: Son 24 Saatte 10 Deprem Meydana Geldi"},"content":{"rendered":"<p>\u015eAM \u2013 Ulusal Deprem Merkezi, son 24 saat i\u00e7inde 10 zay\u0131f ve orta \u015fiddetli depremin meydana geldi\u011fini ilan etti.<\/p>\n<p>Merkez yay\u0131nlad\u0131\u011f\u0131 ve SANA\u2019n\u0131n n\u00fcshas\u0131n\u0131 ald\u0131\u011f\u0131 a\u00e7\u0131klamada, ulusal sismik izleme a\u011f\u0131 istasyonlar\u0131n\u0131n Hama&#8217;n\u0131n kuzeydo\u011fusunda 3,2 derece b\u00fcy\u00fckl\u00fc\u011f\u00fcnde bir deprem, Homs&#8217;un kuzeybat\u0131s\u0131nda 3,7 b\u00fcy\u00fckl\u00fc\u011f\u00fcnde bir deprem ve \u0130skenderun&#8217;da 4,2, 3 ve 2,9 b\u00fcy\u00fckl\u00fc\u011f\u00fcnde 3 deprem kaydedildi\u011fini belirtti.<\/p>\n<p>Merkez, T\u00fcrkiye anakaras\u0131nda 2,8 ile 4,4 derece aras\u0131nda de\u011fi\u015fen 5 sars\u0131nt\u0131 tespit edildi\u011fini s\u00f6zlerine ekledi.<\/p>\n<p><a href=\"https:\/\/t.me\/SuriyeArapHaberAjansI\">Telegram Kanal\u0131m\u0131z\u00a0<\/a><\/p>\n<p><a href=\"https:\/\/www.facebook.com\/SANAHaberAjansi\/\">Facebook Sayfam\u0131z<\/a><\/p>\n","protected":false},"excerpt":{"rendered":"<p>\u015eAM \u2013 Ulusal Deprem Merkezi, son 24 saat i\u00e7inde 10 zay\u0131f ve orta \u015fiddetli depremin meydana geldi\u011fini ilan etti. Merkez yay\u0131nlad\u0131\u011f\u0131 ve SANA\u2019n\u0131n n\u00fcshas\u0131n\u0131 ald\u0131\u011f\u0131 a\u00e7\u0131klamada, ulusal sismik izleme a\u011f\u0131 istasyonlar\u0131n\u0131n Hama&#8217;n\u0131n kuzeydo\u011fusunda 3,2 derece b\u00fcy\u00fckl\u00fc\u011f\u00fcnde bir deprem, Homs&#8217;un kuzeybat\u0131s\u0131nda 3,7 b\u00fcy\u00fckl\u00fc\u011f\u00fcnde bir deprem ve \u0130skenderun&#8217;da 4,2, 3 ve 2,9 b\u00fcy\u00fckl\u00fc\u011f\u00fcnde 3 deprem kaydedildi\u011fini belirtti. &hellip;<\/p>\n","protected":false},"author":36,"featured_media":279634,"comment_status":"closed","ping_status":"closed","sticky":false,"template":"","format":"standard","meta":{"footnotes":""},"categories":[479,17988,478],"tags":[],"class_list":["post-279633","post","type-post","status-publish","format-standard","has-post-thumbnail","","category-haberler-yerel","category-son-haberler","category-yerel"],"_links":{"self":[{"href":"https:\/\/archive.sana.sy\/tr\/index.php?rest_route=\/wp\/v2\/posts\/279633","targetHints":{"allow":["GET"]}}],"collection":[{"href":"https:\/\/archive.sana.sy\/tr\/index.php?rest_route=\/wp\/v2\/posts"}],"about":[{"href":"https:\/\/archive.sana.sy\/tr\/index.php?rest_route=\/wp\/v2\/types\/post"}],"author":[{"embeddable":true,"href":"https:\/\/archive.sana.sy\/tr\/index.php?rest_route=\/wp\/v2\/users\/36"}],"replies":[{"embeddable":true,"href":"https:\/\/archive.sana.sy\/tr\/index.php?rest_route=%2Fwp%2Fv2%2Fcomments&post=279633"}],"version-history":[{"count":0,"href":"https:\/\/archive.sana.sy\/tr\/index.php?rest_route=\/wp\/v2\/posts\/279633\/revisions"}],"wp:featuredmedia":[{"embeddable":true,"href":"https:\/\/archive.sana.sy\/tr\/index.php?rest_route=\/wp\/v2\/media\/279634"}],"wp:attachment":[{"href":"https:\/\/archive.sana.sy\/tr\/index.php?rest_route=%2Fwp%2Fv2%2Fmedia&parent=279633"}],"wp:term":[{"taxonomy":"category","embeddable":true,"href":"https:\/\/archive.sana.sy\/tr\/index.php?rest_route=%2Fwp%2Fv2%2Fcategories&post=279633"},{"taxonomy":"post_tag","embeddable":true,"href":"https:\/\/archive.sana.sy\/tr\/index.php?rest_route=%2Fwp%2Fv2%2Ftags&post=279633"}],"curies":[{"name":"wp","href":"https:\/\/api.w.org\/{rel}","templated":true}]}}