{"id":279651,"date":"2023-04-29T11:41:37","date_gmt":"2023-04-29T08:41:37","guid":{"rendered":"https:\/\/sana.sy\/tr\/?p=279651"},"modified":"2023-04-29T11:41:37","modified_gmt":"2023-04-29T08:41:37","slug":"derada-teror-gruplarindan-kalan-silah-ve-muhimmat-ele-gecirildi-5","status":"publish","type":"post","link":"https:\/\/archive.sana.sy\/tr\/?p=279651","title":{"rendered":"Dera\u2019da Ter\u00f6r Gruplar\u0131ndan Kalan Silah ve M\u00fchimmat Ele Ge\u00e7irildi"},"content":{"rendered":"<div id='gallery-1' class='gallery galleryid-279651 gallery-columns-1 gallery-size-full'><figure class='gallery-item'>\n\t\t\t<div class='gallery-icon landscape'>\n\t\t\t\t<a href='https:\/\/archive.sana.sy\/tr\/wp-content\/uploads\/2023\/04\/10-17-300x186-2.jpg'><img loading=\"lazy\" decoding=\"async\" width=\"300\" height=\"186\" src=\"https:\/\/archive.sana.sy\/tr\/wp-content\/uploads\/2023\/04\/10-17-300x186-2.jpg\" class=\"attachment-full size-full\" alt=\"\" \/><\/a>\n\t\t\t<\/div><\/figure><figure class='gallery-item'>\n\t\t\t<div class='gallery-icon landscape'>\n\t\t\t\t<a href='https:\/\/archive.sana.sy\/tr\/wp-content\/uploads\/2023\/04\/11-20-300x182-2.jpg'><img loading=\"lazy\" decoding=\"async\" width=\"300\" height=\"182\" src=\"https:\/\/archive.sana.sy\/tr\/wp-content\/uploads\/2023\/04\/11-20-300x182-2.jpg\" class=\"attachment-full size-full\" alt=\"\" \/><\/a>\n\t\t\t<\/div><\/figure><figure class='gallery-item'>\n\t\t\t<div class='gallery-icon landscape'>\n\t\t\t\t<a href='https:\/\/archive.sana.sy\/tr\/wp-content\/uploads\/2023\/04\/12-26-300x225-2.jpg'><img loading=\"lazy\" decoding=\"async\" width=\"300\" height=\"225\" src=\"https:\/\/archive.sana.sy\/tr\/wp-content\/uploads\/2023\/04\/12-26-300x225-2.jpg\" class=\"attachment-full size-full\" alt=\"\" \/><\/a>\n\t\t\t<\/div><\/figure><figure class='gallery-item'>\n\t\t\t<div class='gallery-icon landscape'>\n\t\t\t\t<a href='https:\/\/archive.sana.sy\/tr\/wp-content\/uploads\/2023\/04\/13-17-300x225-2.jpg'><img loading=\"lazy\" decoding=\"async\" width=\"300\" height=\"225\" src=\"https:\/\/archive.sana.sy\/tr\/wp-content\/uploads\/2023\/04\/13-17-300x225-2.jpg\" class=\"attachment-full size-full\" alt=\"\" \/><\/a>\n\t\t\t<\/div><\/figure><figure class='gallery-item'>\n\t\t\t<div class='gallery-icon landscape'>\n\t\t\t\t<a href='https:\/\/archive.sana.sy\/tr\/wp-content\/uploads\/2023\/04\/14-18-300x225-2.jpg'><img loading=\"lazy\" decoding=\"async\" width=\"300\" height=\"225\" src=\"https:\/\/archive.sana.sy\/tr\/wp-content\/uploads\/2023\/04\/14-18-300x225-2.jpg\" class=\"attachment-full size-full\" alt=\"\" \/><\/a>\n\t\t\t<\/div><\/figure><figure class='gallery-item'>\n\t\t\t<div class='gallery-icon landscape'>\n\t\t\t\t<a href='https:\/\/archive.sana.sy\/tr\/wp-content\/uploads\/2023\/04\/15-21-300x216-2.jpg'><img loading=\"lazy\" decoding=\"async\" width=\"300\" height=\"216\" src=\"https:\/\/archive.sana.sy\/tr\/wp-content\/uploads\/2023\/04\/15-21-300x216-2.jpg\" class=\"attachment-full size-full\" alt=\"\" \/><\/a>\n\t\t\t<\/div><\/figure><figure class='gallery-item'>\n\t\t\t<div class='gallery-icon landscape'>\n\t\t\t\t<a href='https:\/\/archive.sana.sy\/tr\/wp-content\/uploads\/2023\/04\/16-17-300x225-2.jpg'><img loading=\"lazy\" decoding=\"async\" width=\"300\" height=\"225\" src=\"https:\/\/archive.sana.sy\/tr\/wp-content\/uploads\/2023\/04\/16-17-300x225-2.jpg\" class=\"attachment-full size-full\" alt=\"\" \/><\/a>\n\t\t\t<\/div><\/figure><figure class='gallery-item'>\n\t\t\t<div class='gallery-icon landscape'>\n\t\t\t\t<a href='https:\/\/archive.sana.sy\/tr\/wp-content\/uploads\/2023\/04\/17-16-300x231-2.jpg'><img loading=\"lazy\" decoding=\"async\" width=\"300\" height=\"231\" src=\"https:\/\/archive.sana.sy\/tr\/wp-content\/uploads\/2023\/04\/17-16-300x231-2.jpg\" class=\"attachment-full size-full\" alt=\"\" \/><\/a>\n\t\t\t<\/div><\/figure>\n\t\t<\/div>\n\n","protected":false},"excerpt":{"rendered":"","protected":false},"author":36,"featured_media":279660,"comment_status":"closed","ping_status":"closed","sticky":false,"template":"","format":"standard","meta":{"footnotes":""},"categories":[596],"tags":[],"class_list":["post-279651","post","type-post","status-publish","format-standard","has-post-thumbnail","","category-fotografli-raporlar"],"_links":{"self":[{"href":"https:\/\/archive.sana.sy\/tr\/index.php?rest_route=\/wp\/v2\/posts\/279651","targetHints":{"allow":["GET"]}}],"collection":[{"href":"https:\/\/archive.sana.sy\/tr\/index.php?rest_route=\/wp\/v2\/posts"}],"about":[{"href":"https:\/\/archive.sana.sy\/tr\/index.php?rest_route=\/wp\/v2\/types\/post"}],"author":[{"embeddable":true,"href":"https:\/\/archive.sana.sy\/tr\/index.php?rest_route=\/wp\/v2\/users\/36"}],"replies":[{"embeddable":true,"href":"https:\/\/archive.sana.sy\/tr\/index.php?rest_route=%2Fwp%2Fv2%2Fcomments&post=279651"}],"version-history":[{"count":0,"href":"https:\/\/archive.sana.sy\/tr\/index.php?rest_route=\/wp\/v2\/posts\/279651\/revisions"}],"wp:featuredmedia":[{"embeddable":true,"href":"https:\/\/archive.sana.sy\/tr\/index.php?rest_route=\/wp\/v2\/media\/279660"}],"wp:attachment":[{"href":"https:\/\/archive.sana.sy\/tr\/index.php?rest_route=%2Fwp%2Fv2%2Fmedia&parent=279651"}],"wp:term":[{"taxonomy":"category","embeddable":true,"href":"https:\/\/archive.sana.sy\/tr\/index.php?rest_route=%2Fwp%2Fv2%2Fcategories&post=279651"},{"taxonomy":"post_tag","embeddable":true,"href":"https:\/\/archive.sana.sy\/tr\/index.php?rest_route=%2Fwp%2Fv2%2Ftags&post=279651"}],"curies":[{"name":"wp","href":"https:\/\/api.w.org\/{rel}","templated":true}]}}