{"id":279665,"date":"2023-04-29T14:21:27","date_gmt":"2023-04-29T11:21:27","guid":{"rendered":"http:\/\/sana.sy\/tr\/?p=279665"},"modified":"2023-04-29T14:21:27","modified_gmt":"2023-04-29T11:21:27","slug":"vershinin-suriye-konulu-astana-formatindaki-bir-sonraki-uluslararasi-toplanti-bu-yilin-ikinci-yarisinda-olacak","status":"publish","type":"post","link":"https:\/\/archive.sana.sy\/tr\/?p=279665","title":{"rendered":"Vershinin: Suriye Konulu Astana Format\u0131ndaki Bir Sonraki Uluslararas\u0131 Toplant\u0131 Bu Y\u0131l\u0131n \u0130kinci Yar\u0131s\u0131nda Olacak"},"content":{"rendered":"<p><strong>MOSKOVA<\/strong> &#8211; Rusya D\u0131\u015fi\u015fleri Bakan Yard\u0131mc\u0131s\u0131 Sergei Vershinin, Suriye konulu bir sonraki Astana toplant\u0131s\u0131n\u0131n bu y\u0131l\u0131n ikinci yar\u0131s\u0131nda yap\u0131laca\u011f\u0131n\u0131 duyurdu.<\/p>\n<p>Bug\u00fcn New York&#8217;ta konu\u015fan Vershinin, \u2018\u2019D\u00fczenli olarak \u00fcst d\u00fczey Astana format\u0131ndaki toplant\u0131lar yap\u0131l\u0131yor ve bir sonraki toplant\u0131n\u0131n bu y\u0131l\u0131n ikinci yar\u0131s\u0131nda yap\u0131lmas\u0131 planlan\u0131yor ancak hen\u00fcz kesin bir tarih yok\u2019\u2019 ifadelerini kullanarak,\u00a0 &#8220;Astana form\u00fcl\u00fcn\u00fcn \u00e7ok etkili oldu\u011funu ve onun \u00e7er\u00e7evesi i\u00e7inde bakanlar d\u00fczeyinde ve kat\u0131l\u0131mc\u0131 \u00fclkelerin \u00f6zel temsilcileri d\u00fczeyinde toplant\u0131lar yap\u0131ld\u0131\u011f\u0131n\u0131&#8221; a\u00e7\u0131kalad\u0131.<\/p>\n<p>Vershinin ayr\u0131ca, \u2018\u2019Bu form\u00fcl\u00fcn, Suriye&#8217;deki krizin \u00e7\u00f6z\u00fcm\u00fc ve genel olarak b\u00f6lgedeki \u00e7\u00f6z\u00fcme y\u00f6nelik istikrar a\u00e7\u0131s\u0131ndan \u00f6nemli bir fakt\u00f6r oldu\u011funu her zaman g\u00f6r\u00fcyoruz\u2019\u2019 diyerek, Suriye ile ilgili olarak, \u00f6ncelikle b\u00f6lgedeki di\u011fer \u00fclkelerle ili\u015fkileri g\u00fc\u00e7lendirmeye ili\u015fkin olumlu geli\u015fmelerin ortaya \u00e7\u0131kt\u0131\u011f\u0131n\u0131 ve bunun memnuniyetle kar\u015f\u0131land\u0131\u011f\u0131n\u0131 kaydetti.<\/p>\n<p>&nbsp;<\/p>\n<p>R.M.<\/p>\n<p><a href=\"https:\/\/t.me\/SuriyeArapHaberAjansI\">Telegram Kanal\u0131m\u0131z\u00a0<\/a><\/p>\n<p><a href=\"https:\/\/www.facebook.com\/SANAHaberAjansi\/\">Facebook Sayfam\u0131z<\/a><\/p>\n<p>&nbsp;<\/p>\n","protected":false},"excerpt":{"rendered":"<p>MOSKOVA &#8211; Rusya D\u0131\u015fi\u015fleri Bakan Yard\u0131mc\u0131s\u0131 Sergei Vershinin, Suriye konulu bir sonraki Astana toplant\u0131s\u0131n\u0131n bu y\u0131l\u0131n ikinci yar\u0131s\u0131nda yap\u0131laca\u011f\u0131n\u0131 duyurdu. Bug\u00fcn New York&#8217;ta konu\u015fan Vershinin, \u2018\u2019D\u00fczenli olarak \u00fcst d\u00fczey Astana format\u0131ndaki toplant\u0131lar yap\u0131l\u0131yor ve bir sonraki toplant\u0131n\u0131n bu y\u0131l\u0131n ikinci yar\u0131s\u0131nda yap\u0131lmas\u0131 planlan\u0131yor ancak hen\u00fcz kesin bir tarih yok\u2019\u2019 ifadelerini kullanarak,\u00a0 &#8220;Astana form\u00fcl\u00fcn\u00fcn \u00e7ok etkili &hellip;<\/p>\n","protected":false},"author":41,"featured_media":279666,"comment_status":"closed","ping_status":"closed","sticky":false,"template":"","format":"standard","meta":{"footnotes":""},"categories":[458,479,459,17988,478],"tags":[],"class_list":["post-279665","post","type-post","status-publish","format-standard","has-post-thumbnail","","category-dunya1","category-haberler-yerel","category-haberler-arap-uluslararasi-politika","category-son-haberler","category-yerel"],"_links":{"self":[{"href":"https:\/\/archive.sana.sy\/tr\/index.php?rest_route=\/wp\/v2\/posts\/279665","targetHints":{"allow":["GET"]}}],"collection":[{"href":"https:\/\/archive.sana.sy\/tr\/index.php?rest_route=\/wp\/v2\/posts"}],"about":[{"href":"https:\/\/archive.sana.sy\/tr\/index.php?rest_route=\/wp\/v2\/types\/post"}],"author":[{"embeddable":true,"href":"https:\/\/archive.sana.sy\/tr\/index.php?rest_route=\/wp\/v2\/users\/41"}],"replies":[{"embeddable":true,"href":"https:\/\/archive.sana.sy\/tr\/index.php?rest_route=%2Fwp%2Fv2%2Fcomments&post=279665"}],"version-history":[{"count":0,"href":"https:\/\/archive.sana.sy\/tr\/index.php?rest_route=\/wp\/v2\/posts\/279665\/revisions"}],"wp:featuredmedia":[{"embeddable":true,"href":"https:\/\/archive.sana.sy\/tr\/index.php?rest_route=\/wp\/v2\/media\/279666"}],"wp:attachment":[{"href":"https:\/\/archive.sana.sy\/tr\/index.php?rest_route=%2Fwp%2Fv2%2Fmedia&parent=279665"}],"wp:term":[{"taxonomy":"category","embeddable":true,"href":"https:\/\/archive.sana.sy\/tr\/index.php?rest_route=%2Fwp%2Fv2%2Fcategories&post=279665"},{"taxonomy":"post_tag","embeddable":true,"href":"https:\/\/archive.sana.sy\/tr\/index.php?rest_route=%2Fwp%2Fv2%2Ftags&post=279665"}],"curies":[{"name":"wp","href":"https:\/\/api.w.org\/{rel}","templated":true}]}}