{"id":279668,"date":"2023-04-29T14:00:24","date_gmt":"2023-04-29T11:00:24","guid":{"rendered":"http:\/\/sana.sy\/tr\/?p=279668"},"modified":"2023-04-30T08:20:37","modified_gmt":"2023-04-30T05:20:37","slug":"lavrov-herkes-cok-kutuplu-bir-dunya-duzeni-yaratmanin-kacinilmazligini-kabul-etmeli","status":"publish","type":"post","link":"https:\/\/archive.sana.sy\/tr\/?p=279668","title":{"rendered":"Lavrov: Herkes \u00c7ok Kutuplu Bir D\u00fcnya D\u00fczeni Yaratman\u0131n Ka\u00e7\u0131n\u0131lmazl\u0131\u011f\u0131n\u0131 Kabul Etmeli"},"content":{"rendered":"<p><strong>MOSKOVA<\/strong>&#8211; Rusya D\u0131\u015fi\u015fleri Bakan\u0131 Sergey Lavrov, Bat\u0131&#8217;n\u0131n Rusya&#8217;y\u0131 tecrit etme giri\u015fimlerinin ba\u015far\u0131s\u0131z oldu\u011funu do\u011frulayarak herkesi adil ve \u00e7ok kutuplu bir d\u00fcnya d\u00fczeninin kurulmas\u0131n\u0131n ka\u00e7\u0131n\u0131lmaz oldu\u011funu ve uluslararas\u0131 toplumun \u00e7\u0131kar\u0131na oldu\u011funu kabul etmeye \u00e7a\u011f\u0131rd\u0131.<\/p>\n<p>Novosti haber ajans\u0131n\u0131n aktard\u0131\u011f\u0131na g\u00f6re Lavrov, bug\u00fcn \u00e7ok kutupluluk konulu k\u00fcresel \u00e7evrimi\u00e7i konferans\u0131n kat\u0131l\u0131mc\u0131lar\u0131 ve d\u00fczenleyicilerine hitaben yapt\u0131\u011f\u0131 konu\u015fmada, \u2018\u2019K\u00fcresel \u00e7ok kutuplulu\u011fa do\u011fru hareket, bug\u00fcn jeopolitik bir ger\u00e7ekliktir, \u00e7\u00fcnk\u00fc Washington ve takip\u00e7ileri, uluslararas\u0131 toplumu \u201ckurallara dayal\u0131 d\u00fczene\u201d g\u00f6re ya\u015famaya zorlama konusunda ba\u015far\u0131s\u0131zl\u0131kla kar\u015f\u0131 kar\u015f\u0131yad\u0131r.\u2019\u2019 dedi.<\/p>\n<p>Lavrov, Ba\u011f\u0131ms\u0131zl\u0131\u011f\u0131na, devletlerinin egemenli\u011fine, uygarl\u0131k ve k\u00fclt\u00fcr \u00f6zelliklerine ba\u011fl\u0131 olarak, ba\u015fta Avrasya, Asya-Pasifik b\u00f6lgesi, Orta Do\u011fu, Afrika ve Latin Amerika olmak \u00fczere yeni k\u00fcresel merkezlerin \u00e7e\u015fitli alanlarda dikkat \u00e7ekici ba\u015far\u0131lara imza att\u0131\u011f\u0131na i\u015faret ederken, bu merkezlerin kendi orijinal ulusal \u00e7\u0131karlar\u0131n\u0131n rehberli\u011finde oldu\u011funu, i\u00e7 ve d\u0131\u015f i\u015flerde ba\u011f\u0131ms\u0131z bir politika izledi\u011fini ve ba\u015fkalar\u0131n\u0131n jeopolitik oyunlar\u0131nda rehin olmay\u0131 ve ba\u015fka bir ki\u015finin iradesini yerine getirmeyi reddetti\u011fini belirtti.<\/p>\n<p>Rusya d\u0131\u015fi\u015fleri bakan\u0131, &#8220;Son otuz y\u0131lda G7 \u00fclkelerinin k\u00fcresel ekonomideki pay\u0131 \u00f6nemli \u00f6l\u00e7\u00fcde azald\u0131 ve \u00c7in gibi geli\u015fmekte olan pazarlara sahip \u00fclkelerin a\u011f\u0131rl\u0131\u011f\u0131 giderek artt\u0131.&#8221; diyerek, \u00c7in&#8217;in piyasa mekanizmalar\u0131n\u0131 ve devlet d\u00fczenleme y\u00f6ntemlerini ustaca birle\u015ftirme becerisine ve \u015fu anda en b\u00fcy\u00fck ekonomik g\u00fc\u00e7 oldu\u011funa dikkat \u00e7ekti.<\/p>\n<p>Lavrov ayr\u0131ca, modern \u00e7ok kutuplu d\u00fcnyada kar\u015f\u0131 kar\u015f\u0131ya gelmenin tek makul alternatifinin, di\u011fer \u00fclkelerin egemenli\u011fine ger\u00e7ek sayg\u0131n\u0131n sa\u011flanmas\u0131 da dahil olmak \u00fczere Birle\u015fmi\u015f Milletler \u015eart\u0131 ilkelerine dayal\u0131 olarak ana k\u00fcresel merkezlerin \u00e7abalar\u0131n\u0131 birle\u015ftirmek oldu\u011funu vurgulad\u0131.<\/p>\n<p>&nbsp;<\/p>\n<p>R.M.<\/p>\n<p><a href=\"https:\/\/t.me\/SuriyeArapHaberAjansI\">Telegram Kanal\u0131m\u0131z\u00a0<\/a><\/p>\n<p><a href=\"https:\/\/www.facebook.com\/SANAHaberAjansi\/\">Facebook Sayfam\u0131z<\/a><\/p>\n<p>&nbsp;<\/p>\n<p>&nbsp;<\/p>\n","protected":false},"excerpt":{"rendered":"<p>MOSKOVA&#8211; Rusya D\u0131\u015fi\u015fleri Bakan\u0131 Sergey Lavrov, Bat\u0131&#8217;n\u0131n Rusya&#8217;y\u0131 tecrit etme giri\u015fimlerinin ba\u015far\u0131s\u0131z oldu\u011funu do\u011frulayarak herkesi adil ve \u00e7ok kutuplu bir d\u00fcnya d\u00fczeninin kurulmas\u0131n\u0131n ka\u00e7\u0131n\u0131lmaz oldu\u011funu ve uluslararas\u0131 toplumun \u00e7\u0131kar\u0131na oldu\u011funu kabul etmeye \u00e7a\u011f\u0131rd\u0131. Novosti haber ajans\u0131n\u0131n aktard\u0131\u011f\u0131na g\u00f6re Lavrov, bug\u00fcn \u00e7ok kutupluluk konulu k\u00fcresel \u00e7evrimi\u00e7i konferans\u0131n kat\u0131l\u0131mc\u0131lar\u0131 ve d\u00fczenleyicilerine hitaben yapt\u0131\u011f\u0131 konu\u015fmada, \u2018\u2019K\u00fcresel \u00e7ok kutuplulu\u011fa &hellip;<\/p>\n","protected":false},"author":41,"featured_media":279669,"comment_status":"closed","ping_status":"closed","sticky":false,"template":"","format":"standard","meta":{"footnotes":""},"categories":[458,459,17988],"tags":[],"class_list":["post-279668","post","type-post","status-publish","format-standard","has-post-thumbnail","","category-dunya1","category-haberler-arap-uluslararasi-politika","category-son-haberler"],"_links":{"self":[{"href":"https:\/\/archive.sana.sy\/tr\/index.php?rest_route=\/wp\/v2\/posts\/279668","targetHints":{"allow":["GET"]}}],"collection":[{"href":"https:\/\/archive.sana.sy\/tr\/index.php?rest_route=\/wp\/v2\/posts"}],"about":[{"href":"https:\/\/archive.sana.sy\/tr\/index.php?rest_route=\/wp\/v2\/types\/post"}],"author":[{"embeddable":true,"href":"https:\/\/archive.sana.sy\/tr\/index.php?rest_route=\/wp\/v2\/users\/41"}],"replies":[{"embeddable":true,"href":"https:\/\/archive.sana.sy\/tr\/index.php?rest_route=%2Fwp%2Fv2%2Fcomments&post=279668"}],"version-history":[{"count":0,"href":"https:\/\/archive.sana.sy\/tr\/index.php?rest_route=\/wp\/v2\/posts\/279668\/revisions"}],"wp:featuredmedia":[{"embeddable":true,"href":"https:\/\/archive.sana.sy\/tr\/index.php?rest_route=\/wp\/v2\/media\/279669"}],"wp:attachment":[{"href":"https:\/\/archive.sana.sy\/tr\/index.php?rest_route=%2Fwp%2Fv2%2Fmedia&parent=279668"}],"wp:term":[{"taxonomy":"category","embeddable":true,"href":"https:\/\/archive.sana.sy\/tr\/index.php?rest_route=%2Fwp%2Fv2%2Fcategories&post=279668"},{"taxonomy":"post_tag","embeddable":true,"href":"https:\/\/archive.sana.sy\/tr\/index.php?rest_route=%2Fwp%2Fv2%2Ftags&post=279668"}],"curies":[{"name":"wp","href":"https:\/\/api.w.org\/{rel}","templated":true}]}}