{"id":279671,"date":"2023-04-29T17:27:02","date_gmt":"2023-04-29T14:27:02","guid":{"rendered":"http:\/\/sana.sy\/tr\/?p=279671"},"modified":"2023-05-01T10:58:05","modified_gmt":"2023-05-01T07:58:05","slug":"cumhurbaskani-esad-cinin-orta-dogu-ozel-temsilcisi-zhai-junu-kabul-etti","status":"publish","type":"post","link":"https:\/\/archive.sana.sy\/tr\/?p=279671","title":{"rendered":"Cumhurba\u015fkan\u0131 Esad, Chai&#8217;yi Kabul Etti, G\u00f6r\u00fc\u015fmede, Suriye-\u00c7in \u0130li\u015fkileri Ve \u0130ki \u00dclke Aras\u0131ndaki \u0130kili \u0130li\u015fkilerin Ortak Alg\u0131lar\u0131 Ele Al\u0131nd\u0131"},"content":{"rendered":"<p><strong>\u015eAM<\/strong> \u2013 Cumhurba\u015fkani Be\u015f\u015far Esad&#8217;\u0131n \u00c7in h\u00fck\u00fcmetinin Ortado\u011fu \u00f6zel temsilcisi Zhai Jun ile yapt\u0131\u011f\u0131 g\u00f6r\u00fc\u015fmede sadece Suriye-\u00c7in ili\u015fkileri ele al\u0131nmad\u0131, daha ziyade g\u00f6r\u00fc\u015fme, \u00c7in&#8217;in Orta Do\u011fu \u00fclkeleriyle ili\u015fkisini ve bu b\u00f6lgedeki <img loading=\"lazy\" decoding=\"async\" class=\"size-medium wp-image-279683 alignright\" src=\"http:\/\/sana.sy\/tr\/wp-content\/uploads\/2023\/04\/12-3-300x136.jpg\" alt=\"\" width=\"300\" height=\"136\" srcset=\"https:\/\/archive.sana.sy\/tr\/wp-content\/uploads\/2023\/04\/12-3-300x136.jpg 300w, https:\/\/archive.sana.sy\/tr\/wp-content\/uploads\/2023\/04\/12-3-1024x465.jpg 1024w, https:\/\/archive.sana.sy\/tr\/wp-content\/uploads\/2023\/04\/12-3-768x349.jpg 768w, https:\/\/archive.sana.sy\/tr\/wp-content\/uploads\/2023\/04\/12-3.jpg 1200w\" sizes=\"auto, (max-width: 300px) 100vw, 300px\" \/>hayati rol\u00fcn\u00fc temsil eden daha geni\u015f bir sahnede ikili ili\u015fkilerin ortak alg\u0131lar\u0131 ele ald\u0131.<\/p>\n<p>Cumhurba\u015fkan\u0131 Esad g\u00f6r\u00fc\u015fmede, d\u00fcnyadaki en \u00f6nemli olumlu de\u011fi\u015fimin \u00c7in&#8217;in sakin ve dengeli bir \u015fekilde t\u0131rmanan rol\u00fcn\u00fc temsil etti\u011fine ve\u00a0 bu rol\u00fcn, \u00f6zellikle herkes i\u00e7in istikrar, bar\u0131\u015f ve k\u00e2r ilkesine dayand\u0131\u011f\u0131 i\u00e7in siyasette, ekonomide ve k\u00fclt\u00fcrde yeni bir model sund\u00fc\u011f\u00fcne dikkat \u00e7ekti.<\/p>\n<p>Cumhurba\u015fkan\u0131 Esad ayr\u0131ca, bug\u00fcn t\u00fcm d\u00fcnyan\u0131n, \u00f6zellikle Rusya-\u00c7in ili\u015fkileri ve \u00e7ok kutuplu bir uluslararas\u0131 sistem yaratma yetene\u011fine sahip g\u00fc\u00e7l\u00fc bir uluslararas\u0131 alan a\u00e7\u0131s\u0131ndan BRICS ittifak\u0131n\u0131n temsil etti\u011fi \u015fey \u0131\u015f\u0131\u011f\u0131nda, k\u00fcresel durumu yeniden dengelemek i\u00e7in siyasi ve ekonomik olarak \u00c7in varl\u0131\u011f\u0131na ihtiyac\u0131 oldu\u011funa i\u015faret etti.<\/p>\n<p>Suudi Arabistan ile \u0130ran aras\u0131ndaki ili\u015fkilerin yak\u0131nla\u015fmas\u0131 ve geli\u015fmesiyle sonu\u00e7lanan ve t\u00fcm Orta Do\u011fu b\u00f6lgesinin istikrar\u0131na yans\u0131yacak olan \u00c7in arabuluculu\u011funu \u00f6ven Cumhurba\u015fkan\u0131 Esad, Ku\u015fak ve Yol Giri\u015fimi&#8217;nin kalk\u0131nma ve ekonomik i\u015fbirli\u011finin sa\u011flanmas\u0131ndaki \u00f6nemine de dikkat \u00e7ekti.<\/p>\n<p>Say\u0131n Cumhurba\u015fkan\u0131,\u00a0 y\u00fczle\u015fmenin her zaman \u00f6ncelikle ekonomik oldu\u011funu\u00a0 ve \u00fclkeler aras\u0131ndaki ticaret i\u015flemlerinde \u00c7in yuan\u0131n\u0131 benimseme se\u00e7ene\u011fine ek olarak BRICS \u00fclkelerinin bu alanda \u00f6nc\u00fc bir rol oynayabilece\u011fini vurgulayarak, ABD dolar\u0131 ile i\u015flem yapma esaretinden kurtulmak gerekli hale geldi\u011fini kaydetti.<\/p>\n<p>Cumhurba\u015fkan\u0131 Esad, Suriye&#8217;nin uluslararas\u0131 hukuk ve Birle\u015fmi\u015f Milletler T\u00fcz\u00fc\u011f\u00fc uyar\u0131nca Suriye&#8217;nin egemenli\u011fini savunmak i\u00e7in sava\u015f s\u0131ras\u0131nda \u00c7in&#8217;in yan\u0131nda oldu\u011funu unutmad\u0131\u011f\u0131n\u0131 ifade ederken, Pekin&#8217;in deprem s\u0131ras\u0131nda sa\u011flad\u0131\u011f\u0131 t\u00fcm yard\u0131mlar\u0131 takdir etti\u011fini ve\u00a0 misafirine \u00c7in Devlet Ba\u015fkan\u0131 Xi Jinping&#8217;e ve \u00c7in halk\u0131na <img loading=\"lazy\" decoding=\"async\" class=\"size-medium wp-image-279684 alignright\" src=\"http:\/\/sana.sy\/tr\/wp-content\/uploads\/2023\/04\/22-4-300x181.jpg\" alt=\"\" width=\"300\" height=\"181\" srcset=\"https:\/\/archive.sana.sy\/tr\/wp-content\/uploads\/2023\/04\/22-4-300x181.jpg 300w, https:\/\/archive.sana.sy\/tr\/wp-content\/uploads\/2023\/04\/22-4-1024x617.jpg 1024w, https:\/\/archive.sana.sy\/tr\/wp-content\/uploads\/2023\/04\/22-4-768x463.jpg 768w, https:\/\/archive.sana.sy\/tr\/wp-content\/uploads\/2023\/04\/22-4.jpg 1200w\" sizes=\"auto, (max-width: 300px) 100vw, 300px\" \/>selamlar\u0131n\u0131 emanet etti.<\/p>\n<p>\u00d6zel El\u00e7i Zhai Jun ise, \u00c7in Devlet Ba\u015fkan\u0131 Xi Jinping&#8217;in selamlar\u0131n\u0131 ve ikili ili\u015fkilerde daha iyi sonu\u00e7lar elde etme arzusunu Cumhurba\u015fkan\u0131 Esad&#8217;a ileterek, \u00a0\u00c7in&#8217;in Suriye ile ili\u015fkilere stratejik bir perspektiften ve b\u00f6lge i\u00e7in kapsaml\u0131 bir vizyon \u00e7er\u00e7evesinde bakt\u0131\u011f\u0131n\u0131 vurgulad\u0131.<\/p>\n<p>Zhai Jun ayr\u0131ca, egemenli\u011fini ve onurunu savunan t\u00fcm \u00fclkelerin zaferi oldu\u011fundan dolay\u0131, Suriye halk\u0131n\u0131n ter\u00f6re kar\u015f\u0131 m\u00fccadelesinde elde etti\u011fi zaferden \u00fclkesinin memnuniyetini dile getirerek, Pekin&#8217;in uluslararas\u0131 forumlarda hakikati ve adaleti savunmak i\u00e7in s\u00f6z ve eylemde Suriye&#8217;nin yan\u0131nda yer alaca\u011f\u0131n\u0131 ve Suriye&#8217;nin hegemonyaya, ter\u00f6re ve d\u0131\u015f m\u00fcdahaleye kar\u015f\u0131 m\u00fccadelesini destekleyece\u011fini vurgulad\u0131.<\/p>\n<p>G\u00f6r\u00fc\u015fmede Zhai Jun, Suriye ile Arap \u00fclkeleri aras\u0131ndaki yak\u0131nla\u015fma yolunda ya\u015fanan olumlu geli\u015fmelere \u00c7in&#8217;in deste\u011fini de dile getirdi.<\/p>\n<div id='gallery-1' class='gallery galleryid-279671 gallery-columns-1 gallery-size-full'><figure class='gallery-item'>\n\t\t\t<div class='gallery-icon landscape'>\n\t\t\t\t<a href='https:\/\/archive.sana.sy\/tr\/?attachment_id=279676'><img loading=\"lazy\" decoding=\"async\" width=\"1200\" height=\"1140\" src=\"https:\/\/archive.sana.sy\/tr\/wp-content\/uploads\/2023\/04\/11111111111111111.jpg\" class=\"attachment-full size-full\" alt=\"\" srcset=\"https:\/\/archive.sana.sy\/tr\/wp-content\/uploads\/2023\/04\/11111111111111111.jpg 1200w, https:\/\/archive.sana.sy\/tr\/wp-content\/uploads\/2023\/04\/11111111111111111-300x285.jpg 300w, https:\/\/archive.sana.sy\/tr\/wp-content\/uploads\/2023\/04\/11111111111111111-1024x973.jpg 1024w, https:\/\/archive.sana.sy\/tr\/wp-content\/uploads\/2023\/04\/11111111111111111-768x730.jpg 768w\" sizes=\"auto, (max-width: 1200px) 100vw, 1200px\" \/><\/a>\n\t\t\t<\/div><\/figure><figure class='gallery-item'>\n\t\t\t<div class='gallery-icon landscape'>\n\t\t\t\t<a href='https:\/\/archive.sana.sy\/tr\/?attachment_id=279675'><img loading=\"lazy\" decoding=\"async\" width=\"1200\" height=\"908\" src=\"https:\/\/archive.sana.sy\/tr\/wp-content\/uploads\/2023\/04\/222222222222-1.jpg\" class=\"attachment-full size-full\" alt=\"\" srcset=\"https:\/\/archive.sana.sy\/tr\/wp-content\/uploads\/2023\/04\/222222222222-1.jpg 1200w, https:\/\/archive.sana.sy\/tr\/wp-content\/uploads\/2023\/04\/222222222222-1-300x227.jpg 300w, https:\/\/archive.sana.sy\/tr\/wp-content\/uploads\/2023\/04\/222222222222-1-1024x775.jpg 1024w, https:\/\/archive.sana.sy\/tr\/wp-content\/uploads\/2023\/04\/222222222222-1-768x581.jpg 768w\" sizes=\"auto, (max-width: 1200px) 100vw, 1200px\" \/><\/a>\n\t\t\t<\/div><\/figure>\n\t\t<\/div>\n\n<p>R.M.<\/p>\n<p><a href=\"https:\/\/t.me\/SuriyeArapHaberAjansI\">Telegram Kanal\u0131m\u0131z\u00a0<\/a><\/p>\n<p><a href=\"https:\/\/www.facebook.com\/SANAHaberAjansi\/\">Facebook Sayfam\u0131z<\/a><\/p>\n<p>&nbsp;<\/p>\n","protected":false},"excerpt":{"rendered":"<p>\u015eAM \u2013 Cumhurba\u015fkani Be\u015f\u015far Esad&#8217;\u0131n \u00c7in h\u00fck\u00fcmetinin Ortado\u011fu \u00f6zel temsilcisi Zhai Jun ile yapt\u0131\u011f\u0131 g\u00f6r\u00fc\u015fmede sadece Suriye-\u00c7in ili\u015fkileri ele al\u0131nmad\u0131, daha ziyade g\u00f6r\u00fc\u015fme, \u00c7in&#8217;in Orta Do\u011fu \u00fclkeleriyle ili\u015fkisini ve bu b\u00f6lgedeki hayati rol\u00fcn\u00fc temsil eden daha geni\u015f bir sahnede ikili ili\u015fkilerin ortak alg\u0131lar\u0131 ele ald\u0131. Cumhurba\u015fkan\u0131 Esad g\u00f6r\u00fc\u015fmede, d\u00fcnyadaki en \u00f6nemli olumlu de\u011fi\u015fimin \u00c7in&#8217;in sakin &hellip;<\/p>\n","protected":false},"author":41,"featured_media":279672,"comment_status":"closed","ping_status":"closed","sticky":false,"template":"","format":"standard","meta":{"footnotes":""},"categories":[606,479,605,17988,478],"tags":[],"class_list":["post-279671","post","type-post","status-publish","format-standard","has-post-thumbnail","","category-cumhurbaskani","category-haberler-yerel","category-sayin-cumhurbaskani","category-son-haberler","category-yerel"],"_links":{"self":[{"href":"https:\/\/archive.sana.sy\/tr\/index.php?rest_route=\/wp\/v2\/posts\/279671","targetHints":{"allow":["GET"]}}],"collection":[{"href":"https:\/\/archive.sana.sy\/tr\/index.php?rest_route=\/wp\/v2\/posts"}],"about":[{"href":"https:\/\/archive.sana.sy\/tr\/index.php?rest_route=\/wp\/v2\/types\/post"}],"author":[{"embeddable":true,"href":"https:\/\/archive.sana.sy\/tr\/index.php?rest_route=\/wp\/v2\/users\/41"}],"replies":[{"embeddable":true,"href":"https:\/\/archive.sana.sy\/tr\/index.php?rest_route=%2Fwp%2Fv2%2Fcomments&post=279671"}],"version-history":[{"count":0,"href":"https:\/\/archive.sana.sy\/tr\/index.php?rest_route=\/wp\/v2\/posts\/279671\/revisions"}],"wp:featuredmedia":[{"embeddable":true,"href":"https:\/\/archive.sana.sy\/tr\/index.php?rest_route=\/wp\/v2\/media\/279672"}],"wp:attachment":[{"href":"https:\/\/archive.sana.sy\/tr\/index.php?rest_route=%2Fwp%2Fv2%2Fmedia&parent=279671"}],"wp:term":[{"taxonomy":"category","embeddable":true,"href":"https:\/\/archive.sana.sy\/tr\/index.php?rest_route=%2Fwp%2Fv2%2Fcategories&post=279671"},{"taxonomy":"post_tag","embeddable":true,"href":"https:\/\/archive.sana.sy\/tr\/index.php?rest_route=%2Fwp%2Fv2%2Ftags&post=279671"}],"curies":[{"name":"wp","href":"https:\/\/api.w.org\/{rel}","templated":true}]}}