{"id":279706,"date":"2023-04-29T19:03:08","date_gmt":"2023-04-29T16:03:08","guid":{"rendered":"http:\/\/sana.sy\/tr\/?p=279706"},"modified":"2023-05-04T08:17:55","modified_gmt":"2023-05-04T05:17:55","slug":"mikdat-chai-suriyenin-cin-topraklarinin-ve-halkinin-birligine-ve-tek-cin-ilkesine-verdigi-destegi-yineledi","status":"publish","type":"post","link":"https:\/\/archive.sana.sy\/tr\/?p=279706","title":{"rendered":"Mikdad, Chai Suriye&#8217;nin \u00c7in topraklar\u0131n\u0131n Ve Halk\u0131n\u0131n Birli\u011fine Ve Tek \u00c7in \u0130lkesine Verdi\u011fi Deste\u011fi Yineledi"},"content":{"rendered":"<p><strong>\u015eAM<\/strong> &#8211; D\u0131\u015fi\u015fleri ve Gurbet\u00e7iler Bakan\u0131 Faysal Mikdad, \u00c7in h\u00fck\u00fcmetinin Orta Do\u011fu \u00f6zel temsilcisi Zhai Jun ve beraberindeki heyeti kabul etti.<\/p>\n<p>Bug\u00fcnk\u00fc g\u00f6r\u00fc\u015fmede Bakan Mikdad, Suriye&#8217;nin \u00c7in topraklar\u0131n\u0131n ve halk\u0131n\u0131n birli\u011fine ve tek \u00c7in ilkesine verdi\u011fi deste\u011fi yineleyerek, bu ba\u011flamda, baz\u0131 \u00fclkelerin \u00c7in&#8217;in i\u00e7 i\u015flerine kar\u0131\u015fma giri\u015fimlerini reddetti.<\/p>\n<p><img loading=\"lazy\" decoding=\"async\" class=\"size-full wp-image-279707 alignright\" src=\"http:\/\/sana.sy\/tr\/wp-content\/uploads\/2023\/04\/22-6.jpg\" alt=\"\" width=\"300\" height=\"171\" \/>Mikdad, \u00c7in Devlet Ba\u015fkan\u0131 Xi Jinping&#8217;in k\u00fcresel g\u00fcvenlik, k\u00fcresel kalk\u0131nma, k\u00fcresel uygarl\u0131k ve di\u011fer giri\u015fimlerle ilgili giri\u015fimlerine Suriye&#8217;nin hayranl\u0131\u011f\u0131n\u0131 ve deste\u011fini dile getirdi ve Suriye&#8217;nin \u00c7in&#8217;in ter\u00f6rle m\u00fccadeleye verdi\u011fi deste\u011fi takdir etti\u011fini ifade etti.<\/p>\n<p>Buna kar\u015f\u0131l\u0131k \u00c7in el\u00e7isi, \u00c7in&#8217;e dost bir \u00fclke olan Suriye&#8217;nin elde etti\u011fi ba\u015far\u0131lardan ve \u00c7in&#8217;in i\u00e7 i\u015flerine y\u00f6nelik t\u00fcm d\u0131\u015f m\u00fcdahale giri\u015fimlerini reddetmesinden duydu\u011fu mutlulu\u011fu dile getirirken, Suriye topraklar\u0131nda bulunan yasad\u0131\u015f\u0131 yabanc\u0131 g\u00fc\u00e7lerin \u00e7\u0131k\u0131\u015f\u0131n\u0131n yan\u0131 s\u0131ra \u00fclkesinin Suriye&#8217;nin birli\u011fine, egemenli\u011fine ve ba\u011f\u0131ms\u0131zl\u0131\u011f\u0131na verdi\u011fi deste\u011fi ve Suriye halk\u0131na uygulanan tek tarafl\u0131 zorlay\u0131c\u0131 \u00f6nlemlerin derhal kald\u0131r\u0131lmas\u0131 \u00e7a\u011fr\u0131s\u0131n\u0131 yineledi.<\/p>\n<p>G\u00f6r\u00fc\u015fmeye Diplomasi Enstit\u00fcs\u00fc M\u00fcd\u00fcr\u00fc, Suriye&#8217;nin eski Pekin B\u00fcy\u00fckel\u00e7isi \u0130mad Mustafa ve Afro-Asya \u0130\u015fleri Dairesi Ba\u015fkan\u0131 B\u00fcy\u00fckel\u00e7i Muhammed Hac \u0130brahim ve D\u0131\u015fi\u015fleri ve Gurbet\u00e7iler Bakanl\u0131\u011f\u0131 \u0130dari Destek Departman\u0131 Direkt\u00f6r\u00fc Cemal Necib kat\u0131ld\u0131. \u00c7in taraf\u0131ndan ise, \u00c7in&#8217;in \u015eam B\u00fcy\u00fckel\u00e7isi Shi Hongwei ve bir dizi \u00c7inli diplomat kat\u0131ld\u0131.<\/p>\n<p>&nbsp;<\/p>\n<p>R.M.<\/p>\n<p><a href=\"https:\/\/t.me\/SuriyeArapHaberAjansI\">Telegram Kanal\u0131m\u0131z\u00a0<\/a><\/p>\n<p><a href=\"https:\/\/www.facebook.com\/SANAHaberAjansi\/\">Facebook Sayfam\u0131z<\/a><\/p>\n","protected":false},"excerpt":{"rendered":"<p>\u015eAM &#8211; D\u0131\u015fi\u015fleri ve Gurbet\u00e7iler Bakan\u0131 Faysal Mikdad, \u00c7in h\u00fck\u00fcmetinin Orta Do\u011fu \u00f6zel temsilcisi Zhai Jun ve beraberindeki heyeti kabul etti. Bug\u00fcnk\u00fc g\u00f6r\u00fc\u015fmede Bakan Mikdad, Suriye&#8217;nin \u00c7in topraklar\u0131n\u0131n ve halk\u0131n\u0131n birli\u011fine ve tek \u00c7in ilkesine verdi\u011fi deste\u011fi yineleyerek, bu ba\u011flamda, baz\u0131 \u00fclkelerin \u00c7in&#8217;in i\u00e7 i\u015flerine kar\u0131\u015fma giri\u015fimlerini reddetti. Mikdad, \u00c7in Devlet Ba\u015fkan\u0131 Xi Jinping&#8217;in k\u00fcresel &hellip;<\/p>\n","protected":false},"author":41,"featured_media":279708,"comment_status":"closed","ping_status":"closed","sticky":false,"template":"","format":"standard","meta":{"footnotes":""},"categories":[479,17988,478],"tags":[],"class_list":["post-279706","post","type-post","status-publish","format-standard","has-post-thumbnail","","category-haberler-yerel","category-son-haberler","category-yerel"],"_links":{"self":[{"href":"https:\/\/archive.sana.sy\/tr\/index.php?rest_route=\/wp\/v2\/posts\/279706","targetHints":{"allow":["GET"]}}],"collection":[{"href":"https:\/\/archive.sana.sy\/tr\/index.php?rest_route=\/wp\/v2\/posts"}],"about":[{"href":"https:\/\/archive.sana.sy\/tr\/index.php?rest_route=\/wp\/v2\/types\/post"}],"author":[{"embeddable":true,"href":"https:\/\/archive.sana.sy\/tr\/index.php?rest_route=\/wp\/v2\/users\/41"}],"replies":[{"embeddable":true,"href":"https:\/\/archive.sana.sy\/tr\/index.php?rest_route=%2Fwp%2Fv2%2Fcomments&post=279706"}],"version-history":[{"count":0,"href":"https:\/\/archive.sana.sy\/tr\/index.php?rest_route=\/wp\/v2\/posts\/279706\/revisions"}],"wp:featuredmedia":[{"embeddable":true,"href":"https:\/\/archive.sana.sy\/tr\/index.php?rest_route=\/wp\/v2\/media\/279708"}],"wp:attachment":[{"href":"https:\/\/archive.sana.sy\/tr\/index.php?rest_route=%2Fwp%2Fv2%2Fmedia&parent=279706"}],"wp:term":[{"taxonomy":"category","embeddable":true,"href":"https:\/\/archive.sana.sy\/tr\/index.php?rest_route=%2Fwp%2Fv2%2Fcategories&post=279706"},{"taxonomy":"post_tag","embeddable":true,"href":"https:\/\/archive.sana.sy\/tr\/index.php?rest_route=%2Fwp%2Fv2%2Ftags&post=279706"}],"curies":[{"name":"wp","href":"https:\/\/api.w.org\/{rel}","templated":true}]}}