{"id":279714,"date":"2023-04-29T23:34:27","date_gmt":"2023-04-29T20:34:27","guid":{"rendered":"http:\/\/sana.sy\/tr\/?p=279714"},"modified":"2023-05-03T12:40:57","modified_gmt":"2023-05-03T09:40:57","slug":"rus-koordinasyon-merkezi-suveyda-kirsalinda-gida-yardimi-dagitiyor","status":"publish","type":"post","link":"https:\/\/archive.sana.sy\/tr\/?p=279714","title":{"rendered":"Rus Koordinasyon Merkezi, S\u00fcveyda K\u0131rsal\u0131nda G\u0131da Yard\u0131m\u0131 Da\u011f\u0131t\u0131yor"},"content":{"rendered":"<p>S\u00dcVEYDA \u2013 Suriye&#8217;deki Rus Koordinasyon Merkezi, S\u00fcveyda\u2019n\u0131n kuzey k\u0131rsal\u0131ndaki Halhla k\u00f6y\u00fc halk\u0131na insani yard\u0131mlar\u0131 da\u011f\u0131tt\u0131.<\/p>\n<p>Rus yard\u0131m\u0131, s\u00fct, un, pirin\u00e7, bitkisel ya\u011f, \u015feker ve \u00e7ay dahil olmak \u00fczere \u00e7e\u015fitli g\u0131da maddelerini i\u00e7eriyordu.<\/p>\n<p>Khalha Belediye Ba\u015fkan\u0131, Suriye-Rusya ili\u015fkilerinin g\u00fcc\u00fcn\u00fc yans\u0131tan Rusya&#8217;daki dostlara Suriye halk\u0131na verdikleri destek ve y\u00fcklerinin hafifletilmesine katk\u0131da bulunan yard\u0131mlar i\u00e7in te\u015fekk\u00fcrlerini iletti.<\/p>\n<p><a href=\"https:\/\/t.me\/SuriyeArapHaberAjansI\">Telegram Kanal\u0131m\u0131z\u00a0<\/a><\/p>\n<p><a href=\"https:\/\/www.facebook.com\/SANAHaberAjansi\/\">Facebook Sayfam\u0131z<\/a><\/p>\n<div id='gallery-1' class='gallery galleryid-279714 gallery-columns-3 gallery-size-full'><figure class='gallery-item'>\n\t\t\t<div class='gallery-icon landscape'>\n\t\t\t\t<a href='https:\/\/archive.sana.sy\/tr\/wp-content\/uploads\/2023\/04\/2-2-5.jpg'><img loading=\"lazy\" decoding=\"async\" width=\"660\" height=\"386\" src=\"https:\/\/archive.sana.sy\/tr\/wp-content\/uploads\/2023\/04\/2-2-5.jpg\" class=\"attachment-full size-full\" alt=\"\" srcset=\"https:\/\/archive.sana.sy\/tr\/wp-content\/uploads\/2023\/04\/2-2-5.jpg 660w, https:\/\/archive.sana.sy\/tr\/wp-content\/uploads\/2023\/04\/2-2-5-300x175.jpg 300w\" sizes=\"auto, (max-width: 660px) 100vw, 660px\" \/><\/a>\n\t\t\t<\/div><\/figure><figure class='gallery-item'>\n\t\t\t<div class='gallery-icon landscape'>\n\t\t\t\t<a href='https:\/\/archive.sana.sy\/tr\/wp-content\/uploads\/2023\/04\/2-4-3.jpg'><img loading=\"lazy\" decoding=\"async\" width=\"660\" height=\"369\" src=\"https:\/\/archive.sana.sy\/tr\/wp-content\/uploads\/2023\/04\/2-4-3.jpg\" class=\"attachment-full size-full\" alt=\"\" srcset=\"https:\/\/archive.sana.sy\/tr\/wp-content\/uploads\/2023\/04\/2-4-3.jpg 660w, https:\/\/archive.sana.sy\/tr\/wp-content\/uploads\/2023\/04\/2-4-3-300x168.jpg 300w\" sizes=\"auto, (max-width: 660px) 100vw, 660px\" \/><\/a>\n\t\t\t<\/div><\/figure><figure class='gallery-item'>\n\t\t\t<div class='gallery-icon landscape'>\n\t\t\t\t<a href='https:\/\/archive.sana.sy\/tr\/wp-content\/uploads\/2023\/04\/2-5-5.jpg'><img loading=\"lazy\" decoding=\"async\" width=\"660\" height=\"415\" src=\"https:\/\/archive.sana.sy\/tr\/wp-content\/uploads\/2023\/04\/2-5-5.jpg\" class=\"attachment-full size-full\" alt=\"\" srcset=\"https:\/\/archive.sana.sy\/tr\/wp-content\/uploads\/2023\/04\/2-5-5.jpg 660w, https:\/\/archive.sana.sy\/tr\/wp-content\/uploads\/2023\/04\/2-5-5-300x189.jpg 300w\" sizes=\"auto, (max-width: 660px) 100vw, 660px\" \/><\/a>\n\t\t\t<\/div><\/figure>\n\t\t<\/div>\n\n","protected":false},"excerpt":{"rendered":"<p>S\u00dcVEYDA \u2013 Suriye&#8217;deki Rus Koordinasyon Merkezi, S\u00fcveyda\u2019n\u0131n kuzey k\u0131rsal\u0131ndaki Halhla k\u00f6y\u00fc halk\u0131na insani yard\u0131mlar\u0131 da\u011f\u0131tt\u0131. Rus yard\u0131m\u0131, s\u00fct, un, pirin\u00e7, bitkisel ya\u011f, \u015feker ve \u00e7ay dahil olmak \u00fczere \u00e7e\u015fitli g\u0131da maddelerini i\u00e7eriyordu. Khalha Belediye Ba\u015fkan\u0131, Suriye-Rusya ili\u015fkilerinin g\u00fcc\u00fcn\u00fc yans\u0131tan Rusya&#8217;daki dostlara Suriye halk\u0131na verdikleri destek ve y\u00fcklerinin hafifletilmesine katk\u0131da bulunan yard\u0131mlar i\u00e7in te\u015fekk\u00fcrlerini iletti. Telegram &hellip;<\/p>\n","protected":false},"author":36,"featured_media":279719,"comment_status":"closed","ping_status":"closed","sticky":false,"template":"","format":"standard","meta":{"footnotes":""},"categories":[596,479,17988,478],"tags":[],"class_list":["post-279714","post","type-post","status-publish","format-standard","has-post-thumbnail","","category-fotografli-raporlar","category-haberler-yerel","category-son-haberler","category-yerel"],"_links":{"self":[{"href":"https:\/\/archive.sana.sy\/tr\/index.php?rest_route=\/wp\/v2\/posts\/279714","targetHints":{"allow":["GET"]}}],"collection":[{"href":"https:\/\/archive.sana.sy\/tr\/index.php?rest_route=\/wp\/v2\/posts"}],"about":[{"href":"https:\/\/archive.sana.sy\/tr\/index.php?rest_route=\/wp\/v2\/types\/post"}],"author":[{"embeddable":true,"href":"https:\/\/archive.sana.sy\/tr\/index.php?rest_route=\/wp\/v2\/users\/36"}],"replies":[{"embeddable":true,"href":"https:\/\/archive.sana.sy\/tr\/index.php?rest_route=%2Fwp%2Fv2%2Fcomments&post=279714"}],"version-history":[{"count":0,"href":"https:\/\/archive.sana.sy\/tr\/index.php?rest_route=\/wp\/v2\/posts\/279714\/revisions"}],"wp:featuredmedia":[{"embeddable":true,"href":"https:\/\/archive.sana.sy\/tr\/index.php?rest_route=\/wp\/v2\/media\/279719"}],"wp:attachment":[{"href":"https:\/\/archive.sana.sy\/tr\/index.php?rest_route=%2Fwp%2Fv2%2Fmedia&parent=279714"}],"wp:term":[{"taxonomy":"category","embeddable":true,"href":"https:\/\/archive.sana.sy\/tr\/index.php?rest_route=%2Fwp%2Fv2%2Fcategories&post=279714"},{"taxonomy":"post_tag","embeddable":true,"href":"https:\/\/archive.sana.sy\/tr\/index.php?rest_route=%2Fwp%2Fv2%2Ftags&post=279714"}],"curies":[{"name":"wp","href":"https:\/\/api.w.org\/{rel}","templated":true}]}}