{"id":279721,"date":"2023-04-30T11:31:49","date_gmt":"2023-04-30T08:31:49","guid":{"rendered":"https:\/\/sana.sy\/tr\/?p=279721"},"modified":"2023-05-02T09:07:15","modified_gmt":"2023-05-02T06:07:15","slug":"slovakyadaki-suriyeli-ogrenciler-anavatan-iscileriyle-dayanismalarini-yeniledi","status":"publish","type":"post","link":"https:\/\/archive.sana.sy\/tr\/?p=279721","title":{"rendered":"Slovakya&#8217;daki Suriyeli \u00d6\u011frenciler Anavatan \u0130\u015f\u00e7ileriyle Dayan\u0131\u015fmalar\u0131n\u0131 Yeniledi"},"content":{"rendered":"<p><strong>BRAT\u0130SLAVA<\/strong> \u2013 Slovakya&#8217;daki e\u011fitim g\u00f6ren Suriyeli \u00f6\u011frenciler, anavatan Suriye&#8217;nin i\u015f\u00e7ilerinin yan\u0131nda, ter\u00f6r ve sald\u0131rganl\u0131k kar\u015f\u0131s\u0131nda g\u00f6sterdikleri fedakarl\u0131klarla duru\u015flar\u0131n\u0131 ve dayan\u0131\u015fmalar\u0131n\u0131 yenilediler.<\/p>\n<p>Slovakya&#8217;daki Ulusal Suriyeli \u00d6\u011frenciler Birli\u011fi bug\u00fcn Uluslararas\u0131 \u0130\u015f\u00e7i G\u00fcn\u00fc m\u00fcnasebetiyle yapt\u0131\u011f\u0131 a\u00e7\u0131klamada, \u00f6\u011frencilerin vatan i\u015f\u00e7ilerinin m\u00fccadelesinden ve s\u00f6m\u00fcrgecilere ve maruz kald\u0131klar\u0131 ter\u00f6r ve ekonomik sald\u0131rganl\u0131\u011fa kar\u015f\u0131 tarihsel fedakarl\u0131klar\u0131ndan duyduklar\u0131 takdiri ve gururu dile getirdi.<\/p>\n<p>A\u00e7\u0131klamada, \u201ci\u015f\u00e7ilerin ve ailelerini g\u00fcvence alt\u0131na alan ve kazan\u0131lm\u0131\u015f sendikal haklar\u0131n\u0131 koruyan me\u015fru haklar\u0131n\u0131n savunulmas\u0131n\u0131n \u00f6nemi vurgulayarak, Arap i\u015f\u00e7ilerin dayan\u0131\u015fmas\u0131n\u0131n ve sendika birli\u011fini g\u00fc\u00e7lendirmenin \u00f6nemine at\u0131fta bulundu.<\/p>\n<p><span style=\"color: #0000ff;\">Telegram Kanal\u0131m\u0131z\u00a0<\/span><\/p>\n<p><span style=\"color: #0000ff;\">Facebook Sayfam\u0131z<\/span><\/p>\n","protected":false},"excerpt":{"rendered":"<p>BRAT\u0130SLAVA \u2013 Slovakya&#8217;daki e\u011fitim g\u00f6ren Suriyeli \u00f6\u011frenciler, anavatan Suriye&#8217;nin i\u015f\u00e7ilerinin yan\u0131nda, ter\u00f6r ve sald\u0131rganl\u0131k kar\u015f\u0131s\u0131nda g\u00f6sterdikleri fedakarl\u0131klarla duru\u015flar\u0131n\u0131 ve dayan\u0131\u015fmalar\u0131n\u0131 yenilediler. Slovakya&#8217;daki Ulusal Suriyeli \u00d6\u011frenciler Birli\u011fi bug\u00fcn Uluslararas\u0131 \u0130\u015f\u00e7i G\u00fcn\u00fc m\u00fcnasebetiyle yapt\u0131\u011f\u0131 a\u00e7\u0131klamada, \u00f6\u011frencilerin vatan i\u015f\u00e7ilerinin m\u00fccadelesinden ve s\u00f6m\u00fcrgecilere ve maruz kald\u0131klar\u0131 ter\u00f6r ve ekonomik sald\u0131rganl\u0131\u011fa kar\u015f\u0131 tarihsel fedakarl\u0131klar\u0131ndan duyduklar\u0131 takdiri ve gururu dile getirdi. &hellip;<\/p>\n","protected":false},"author":39,"featured_media":279722,"comment_status":"closed","ping_status":"closed","sticky":false,"template":"","format":"standard","meta":{"footnotes":""},"categories":[458,459,17988],"tags":[],"class_list":["post-279721","post","type-post","status-publish","format-standard","has-post-thumbnail","","category-dunya1","category-haberler-arap-uluslararasi-politika","category-son-haberler"],"_links":{"self":[{"href":"https:\/\/archive.sana.sy\/tr\/index.php?rest_route=\/wp\/v2\/posts\/279721","targetHints":{"allow":["GET"]}}],"collection":[{"href":"https:\/\/archive.sana.sy\/tr\/index.php?rest_route=\/wp\/v2\/posts"}],"about":[{"href":"https:\/\/archive.sana.sy\/tr\/index.php?rest_route=\/wp\/v2\/types\/post"}],"author":[{"embeddable":true,"href":"https:\/\/archive.sana.sy\/tr\/index.php?rest_route=\/wp\/v2\/users\/39"}],"replies":[{"embeddable":true,"href":"https:\/\/archive.sana.sy\/tr\/index.php?rest_route=%2Fwp%2Fv2%2Fcomments&post=279721"}],"version-history":[{"count":0,"href":"https:\/\/archive.sana.sy\/tr\/index.php?rest_route=\/wp\/v2\/posts\/279721\/revisions"}],"wp:featuredmedia":[{"embeddable":true,"href":"https:\/\/archive.sana.sy\/tr\/index.php?rest_route=\/wp\/v2\/media\/279722"}],"wp:attachment":[{"href":"https:\/\/archive.sana.sy\/tr\/index.php?rest_route=%2Fwp%2Fv2%2Fmedia&parent=279721"}],"wp:term":[{"taxonomy":"category","embeddable":true,"href":"https:\/\/archive.sana.sy\/tr\/index.php?rest_route=%2Fwp%2Fv2%2Fcategories&post=279721"},{"taxonomy":"post_tag","embeddable":true,"href":"https:\/\/archive.sana.sy\/tr\/index.php?rest_route=%2Fwp%2Fv2%2Ftags&post=279721"}],"curies":[{"name":"wp","href":"https:\/\/api.w.org\/{rel}","templated":true}]}}