{"id":279724,"date":"2023-04-30T13:20:14","date_gmt":"2023-04-30T10:20:14","guid":{"rendered":"http:\/\/sana.sy\/tr\/?p=279724"},"modified":"2023-05-02T09:07:19","modified_gmt":"2023-05-02T06:07:19","slug":"lazkiye-kirsalinda-5-ton-rus-yardimi-dagitildi","status":"publish","type":"post","link":"https:\/\/archive.sana.sy\/tr\/?p=279724","title":{"rendered":"Lazkiye K\u0131rsal\u0131nda 5 Ton Rus Yard\u0131m\u0131 Da\u011f\u0131t\u0131ld\u0131"},"content":{"rendered":"<p>LAZK\u0130YE \u2013 Hmeymim \u00fcss\u00fcndeki Rus Koordinasyon Merkezi bug\u00fcn, Lazkiye k\u0131rsal\u0131ndaki El Sanuber k\u00f6y\u00fcne 5 ton insani g\u0131da yard\u0131m\u0131 da\u011f\u0131tt\u0131.<\/p>\n<p>\u00dcss\u00fcn Rus Koordinasyon Merkezi temsilcisi Binba\u015f\u0131 Raman Yuri Fitch, SANA muhabirine yapt\u0131\u011f\u0131 a\u00e7\u0131klamada, yard\u0131m\u0131n pirin\u00e7, \u015feker, \u00e7ay, s\u00fct ve s\u0131v\u0131 ya\u011fdan olu\u015ftu\u011funu belirtirken, yard\u0131mlar\u0131n ilin k\u00f6ylerinde da\u011f\u0131t\u0131m\u0131n\u0131n devam edece\u011fini vurgulad\u0131.<\/p>\n<p><a href=\"https:\/\/t.me\/SuriyeArapHaberAjansI\">Telegram Kanal\u0131m\u0131z\u00a0<\/a><\/p>\n<p><a href=\"https:\/\/www.facebook.com\/SANAHaberAjansi\/\">Facebook Sayfam\u0131z<\/a><\/p>\n<div id='gallery-1' class='gallery galleryid-279724 gallery-columns-1 gallery-size-full'><figure class='gallery-item'>\n\t\t\t<div class='gallery-icon landscape'>\n\t\t\t\t<a href='https:\/\/archive.sana.sy\/tr\/wp-content\/uploads\/2023\/04\/1-39.jpg'><img loading=\"lazy\" decoding=\"async\" width=\"660\" height=\"377\" src=\"https:\/\/archive.sana.sy\/tr\/wp-content\/uploads\/2023\/04\/1-39.jpg\" class=\"attachment-full size-full\" alt=\"\" srcset=\"https:\/\/archive.sana.sy\/tr\/wp-content\/uploads\/2023\/04\/1-39.jpg 660w, https:\/\/archive.sana.sy\/tr\/wp-content\/uploads\/2023\/04\/1-39-300x171.jpg 300w\" sizes=\"auto, (max-width: 660px) 100vw, 660px\" \/><\/a>\n\t\t\t<\/div><\/figure>\n\t\t<\/div>\n\n","protected":false},"excerpt":{"rendered":"<p>LAZK\u0130YE \u2013 Hmeymim \u00fcss\u00fcndeki Rus Koordinasyon Merkezi bug\u00fcn, Lazkiye k\u0131rsal\u0131ndaki El Sanuber k\u00f6y\u00fcne 5 ton insani g\u0131da yard\u0131m\u0131 da\u011f\u0131tt\u0131. \u00dcss\u00fcn Rus Koordinasyon Merkezi temsilcisi Binba\u015f\u0131 Raman Yuri Fitch, SANA muhabirine yapt\u0131\u011f\u0131 a\u00e7\u0131klamada, yard\u0131m\u0131n pirin\u00e7, \u015feker, \u00e7ay, s\u00fct ve s\u0131v\u0131 ya\u011fdan olu\u015ftu\u011funu belirtirken, yard\u0131mlar\u0131n ilin k\u00f6ylerinde da\u011f\u0131t\u0131m\u0131n\u0131n devam edece\u011fini vurgulad\u0131. Telegram Kanal\u0131m\u0131z\u00a0 Facebook Sayfam\u0131z<\/p>\n","protected":false},"author":36,"featured_media":279726,"comment_status":"closed","ping_status":"closed","sticky":false,"template":"","format":"standard","meta":{"footnotes":""},"categories":[479,17988,478],"tags":[],"class_list":["post-279724","post","type-post","status-publish","format-standard","has-post-thumbnail","","category-haberler-yerel","category-son-haberler","category-yerel"],"_links":{"self":[{"href":"https:\/\/archive.sana.sy\/tr\/index.php?rest_route=\/wp\/v2\/posts\/279724","targetHints":{"allow":["GET"]}}],"collection":[{"href":"https:\/\/archive.sana.sy\/tr\/index.php?rest_route=\/wp\/v2\/posts"}],"about":[{"href":"https:\/\/archive.sana.sy\/tr\/index.php?rest_route=\/wp\/v2\/types\/post"}],"author":[{"embeddable":true,"href":"https:\/\/archive.sana.sy\/tr\/index.php?rest_route=\/wp\/v2\/users\/36"}],"replies":[{"embeddable":true,"href":"https:\/\/archive.sana.sy\/tr\/index.php?rest_route=%2Fwp%2Fv2%2Fcomments&post=279724"}],"version-history":[{"count":0,"href":"https:\/\/archive.sana.sy\/tr\/index.php?rest_route=\/wp\/v2\/posts\/279724\/revisions"}],"wp:featuredmedia":[{"embeddable":true,"href":"https:\/\/archive.sana.sy\/tr\/index.php?rest_route=\/wp\/v2\/media\/279726"}],"wp:attachment":[{"href":"https:\/\/archive.sana.sy\/tr\/index.php?rest_route=%2Fwp%2Fv2%2Fmedia&parent=279724"}],"wp:term":[{"taxonomy":"category","embeddable":true,"href":"https:\/\/archive.sana.sy\/tr\/index.php?rest_route=%2Fwp%2Fv2%2Fcategories&post=279724"},{"taxonomy":"post_tag","embeddable":true,"href":"https:\/\/archive.sana.sy\/tr\/index.php?rest_route=%2Fwp%2Fv2%2Ftags&post=279724"}],"curies":[{"name":"wp","href":"https:\/\/api.w.org\/{rel}","templated":true}]}}