{"id":279728,"date":"2023-04-30T15:07:21","date_gmt":"2023-04-30T12:07:21","guid":{"rendered":"http:\/\/sana.sy\/tr\/?p=279728"},"modified":"2023-05-02T09:07:29","modified_gmt":"2023-05-02T06:07:29","slug":"slovakyadaki-suriyeli-ogrenciler-anavatan-iscileriyle-dayanismalarini-yenilediler","status":"publish","type":"post","link":"https:\/\/archive.sana.sy\/tr\/?p=279728","title":{"rendered":"Slovakya&#8217;daki Suriyeli \u00d6\u011frenciler Anavatan \u0130\u015f\u00e7ileriyle Dayan\u0131\u015fmalar\u0131n\u0131 Yenilediler"},"content":{"rendered":"<p><strong>BRAT\u0130SLAVA- <\/strong>Slovakya&#8217;da e\u011fitim g\u00f6ren Suriyeli \u00f6\u011frenciler, anavatan Suriye&#8217;nin emek\u00e7ilerinin yan\u0131nda, ter\u00f6r ve sald\u0131rganl\u0131k kar\u015f\u0131s\u0131nda g\u00f6sterdikleri fedakarl\u0131klarla duru\u015flar\u0131n\u0131 ve dayan\u0131\u015fmalar\u0131n\u0131 yenilediler.<\/p>\n<p>Uluslararas\u0131 \u0130\u015f\u00e7i Bayram\u0131 m\u00fcnasebetiyle bug\u00fcn yay\u0131nlanan a\u00e7\u0131klamada,Ulusal Suriyeli \u00d6\u011frenci Birli\u011fi Slovakya \u015eubesi, \u00f6\u011frencilerin vatan emek\u00e7ilerinin s\u00f6m\u00fcrgecilere ve maruz kald\u0131klar\u0131 ter\u00f6r ve ekonomik sald\u0131r\u0131lara kar\u015f\u0131 verdikleri tarihi fedakarl\u0131klardan ve vatan emek\u00e7ilerinin m\u00fccadelesinden duyduklar\u0131 takdiri ve gururu dile getirdi.<\/p>\n<p>A\u00e7\u0131klamada, i\u015f\u00e7ilerin, kahramanlar\u0131 ter\u00f6r\u00fc yenmek ve anavatana g\u00fcvenlik ve istikrar\u0131 geri getirmek i\u00e7in kahramanl\u0131k destanlar\u0131 yazan Suriye Arap Ordusu&#8217;na yan\u0131t oldu\u011fu vurguland\u0131 ve i\u015f\u00e7i s\u0131n\u0131f\u0131n\u0131n vatansever ve milli duru\u015funu her zaman fedakarl\u0131k ile topra\u011f\u0131, egemenli\u011fi ve onuru savunmak i\u00e7in ulusal g\u00f6rev aras\u0131nda net bir b\u00fct\u00fcnle\u015fme i\u00e7inde kan\u0131tlad\u0131\u011f\u0131n\u0131 kaydedildi.<\/p>\n<p>A\u00e7\u0131klamada ayr\u0131ca, i\u015f\u00e7ilerin ve ailelerini g\u00fcvence alt\u0131na alan ve kazan\u0131lm\u0131\u015f sendikal haklar\u0131n\u0131 koruyan me\u015fru haklar\u0131n\u0131n savunulmas\u0131n\u0131n \u00f6nemi vurgulanarak, Arap i\u015f\u00e7ilerinin dayan\u0131\u015fmas\u0131n\u0131n ve sendikal birli\u011finin g\u00fc\u00e7lendirilmesinin \u00f6nemine de\u011finen ve Arap d\u00fcnyas\u0131n\u0131n varl\u0131\u011f\u0131n\u0131, bug\u00fcn\u00fcn\u00fc ve gelece\u011fini hedef alan projelerin fark\u0131nda olundu\u011fu ifade edildi.<\/p>\n<p>\u00d6\u011frenciler yapt\u0131klar\u0131 a\u00e7\u0131klamada, yar\u0131n Uluslararas\u0131 \u0130\u015f\u00e7i Bayram\u0131&#8217;n\u0131n ter\u00f6r\u00fcn yay\u0131lmas\u0131 nedeniyle Arap ulusunu tehdit eden zor ve tehlikeli durumlarda geldi\u011fi uyar\u0131s\u0131nda bulundu.<\/p>\n<p>&nbsp;<\/p>\n<p>R.M.<\/p>\n<p><a href=\"https:\/\/t.me\/SuriyeArapHaberAjansI\">Telegram Kanal\u0131m\u0131z\u00a0<\/a><\/p>\n<p><a href=\"https:\/\/www.facebook.com\/SANAHaberAjansi\/\">Facebook Sayfam\u0131z<\/a><\/p>\n","protected":false},"excerpt":{"rendered":"<p>BRAT\u0130SLAVA- Slovakya&#8217;da e\u011fitim g\u00f6ren Suriyeli \u00f6\u011frenciler, anavatan Suriye&#8217;nin emek\u00e7ilerinin yan\u0131nda, ter\u00f6r ve sald\u0131rganl\u0131k kar\u015f\u0131s\u0131nda g\u00f6sterdikleri fedakarl\u0131klarla duru\u015flar\u0131n\u0131 ve dayan\u0131\u015fmalar\u0131n\u0131 yenilediler. Uluslararas\u0131 \u0130\u015f\u00e7i Bayram\u0131 m\u00fcnasebetiyle bug\u00fcn yay\u0131nlanan a\u00e7\u0131klamada,Ulusal Suriyeli \u00d6\u011frenci Birli\u011fi Slovakya \u015eubesi, \u00f6\u011frencilerin vatan emek\u00e7ilerinin s\u00f6m\u00fcrgecilere ve maruz kald\u0131klar\u0131 ter\u00f6r ve ekonomik sald\u0131r\u0131lara kar\u015f\u0131 verdikleri tarihi fedakarl\u0131klardan ve vatan emek\u00e7ilerinin m\u00fccadelesinden duyduklar\u0131 takdiri ve gururu &hellip;<\/p>\n","protected":false},"author":41,"featured_media":279729,"comment_status":"closed","ping_status":"closed","sticky":false,"template":"","format":"standard","meta":{"footnotes":""},"categories":[458,459,17988],"tags":[],"class_list":["post-279728","post","type-post","status-publish","format-standard","has-post-thumbnail","","category-dunya1","category-haberler-arap-uluslararasi-politika","category-son-haberler"],"_links":{"self":[{"href":"https:\/\/archive.sana.sy\/tr\/index.php?rest_route=\/wp\/v2\/posts\/279728","targetHints":{"allow":["GET"]}}],"collection":[{"href":"https:\/\/archive.sana.sy\/tr\/index.php?rest_route=\/wp\/v2\/posts"}],"about":[{"href":"https:\/\/archive.sana.sy\/tr\/index.php?rest_route=\/wp\/v2\/types\/post"}],"author":[{"embeddable":true,"href":"https:\/\/archive.sana.sy\/tr\/index.php?rest_route=\/wp\/v2\/users\/41"}],"replies":[{"embeddable":true,"href":"https:\/\/archive.sana.sy\/tr\/index.php?rest_route=%2Fwp%2Fv2%2Fcomments&post=279728"}],"version-history":[{"count":0,"href":"https:\/\/archive.sana.sy\/tr\/index.php?rest_route=\/wp\/v2\/posts\/279728\/revisions"}],"wp:featuredmedia":[{"embeddable":true,"href":"https:\/\/archive.sana.sy\/tr\/index.php?rest_route=\/wp\/v2\/media\/279729"}],"wp:attachment":[{"href":"https:\/\/archive.sana.sy\/tr\/index.php?rest_route=%2Fwp%2Fv2%2Fmedia&parent=279728"}],"wp:term":[{"taxonomy":"category","embeddable":true,"href":"https:\/\/archive.sana.sy\/tr\/index.php?rest_route=%2Fwp%2Fv2%2Fcategories&post=279728"},{"taxonomy":"post_tag","embeddable":true,"href":"https:\/\/archive.sana.sy\/tr\/index.php?rest_route=%2Fwp%2Fv2%2Ftags&post=279728"}],"curies":[{"name":"wp","href":"https:\/\/api.w.org\/{rel}","templated":true}]}}