{"id":279731,"date":"2023-04-30T16:24:35","date_gmt":"2023-04-30T13:24:35","guid":{"rendered":"http:\/\/sana.sy\/tr\/?p=279731"},"modified":"2023-05-01T10:58:16","modified_gmt":"2023-05-01T07:58:16","slug":"disisleri-bakanligi-bakan-mikdad-yarin-urdunun-baskentinde-yapilacak-disisleri-bakanlari-toplantisina-katiliyor","status":"publish","type":"post","link":"https:\/\/archive.sana.sy\/tr\/?p=279731","title":{"rendered":"D\u0131\u015fi\u015fleri Bakanl\u0131\u011f\u0131: Bakan Mikdad, Yar\u0131n \u00dcrd\u00fcn&#8217;\u00fcn Ba\u015fkentinde Yap\u0131lacak \u00a0D\u0131\u015fi\u015fleri Bakanlar\u0131 Toplant\u0131s\u0131na Kat\u0131lacak"},"content":{"rendered":"<p><strong>\u015eAM<\/strong> &#8211; D\u0131\u015fi\u015fleri ve Gurbet\u00e7iler Bakan\u0131 Faysal Mikdad, yar\u0131n Amman&#8217;da yap\u0131lacak Suriye, Suudi Arabistan, \u00dcrd\u00fcn, M\u0131s\u0131r ve Irak d\u0131\u015fi\u015fleri bakanlar\u0131 toplant\u0131s\u0131na kat\u0131lacak.<\/p>\n<p>D\u0131\u015fi\u015fleri ve Gurbet\u00e7iler Bakanl\u0131\u011f\u0131 yapt\u0131\u011f\u0131 a\u00e7\u0131klamada, &#8221;D\u0131\u015fi\u015fleri ve Gurbet\u00e7iler Bakan\u0131 Faysal Mikdad&#8217;\u0131n son toplant\u0131lar ve ileti\u015fimler s\u0131ras\u0131nda ortaya \u00e7\u0131kan bir dizi konunun g\u00f6r\u00fc\u015f\u00fclmesini takip etmek i\u00e7in yar\u0131n \u00dcrd\u00fcn&#8217;\u00fcn ba\u015fkenti Amman&#8217;da yap\u0131lacak \u00a0Suriye, Suudi Arabistan, \u00dcrd\u00fcn, M\u0131s\u0131r ve Irak d\u0131\u015fi\u015fleri bakanlar\u0131 toplant\u0131s\u0131na kat\u0131lacak&#8221; dedi.<\/p>\n<p>Bakanl\u0131k ayr\u0131ca, Bakan Mikdad&#8217;a e\u015flik eden heyette D\u0131\u015fi\u015fleri Bakan Yard\u0131mc\u0131s\u0131 ve Gurbet\u00e7iler, Dr. Ayman Susan, Bakanl\u0131k M\u00fcd\u00fcr\u00fc Cemal Necibve Bakanl\u0131ktan M\u00fcste\u015far Ahab Hamed&#8217;in yer ald\u0131\u011f\u0131n\u0131 bildirdi.<\/p>\n<p>&nbsp;<\/p>\n<p>&nbsp;<\/p>\n<p>R.M.<\/p>\n<p><a href=\"https:\/\/t.me\/SuriyeArapHaberAjansI\">Telegram Kanal\u0131m\u0131z\u00a0<\/a><\/p>\n<p><a href=\"https:\/\/www.facebook.com\/SANAHaberAjansi\/\">Facebook Sayfam\u0131z<\/a><\/p>\n","protected":false},"excerpt":{"rendered":"<p>\u015eAM &#8211; D\u0131\u015fi\u015fleri ve Gurbet\u00e7iler Bakan\u0131 Faysal Mikdad, yar\u0131n Amman&#8217;da yap\u0131lacak Suriye, Suudi Arabistan, \u00dcrd\u00fcn, M\u0131s\u0131r ve Irak d\u0131\u015fi\u015fleri bakanlar\u0131 toplant\u0131s\u0131na kat\u0131lacak. D\u0131\u015fi\u015fleri ve Gurbet\u00e7iler Bakanl\u0131\u011f\u0131 yapt\u0131\u011f\u0131 a\u00e7\u0131klamada, &#8221;D\u0131\u015fi\u015fleri ve Gurbet\u00e7iler Bakan\u0131 Faysal Mikdad&#8217;\u0131n son toplant\u0131lar ve ileti\u015fimler s\u0131ras\u0131nda ortaya \u00e7\u0131kan bir dizi konunun g\u00f6r\u00fc\u015f\u00fclmesini takip etmek i\u00e7in yar\u0131n \u00dcrd\u00fcn&#8217;\u00fcn ba\u015fkenti Amman&#8217;da yap\u0131lacak \u00a0Suriye, Suudi &hellip;<\/p>\n","protected":false},"author":41,"featured_media":279732,"comment_status":"closed","ping_status":"closed","sticky":false,"template":"","format":"standard","meta":{"footnotes":""},"categories":[479,17988,478],"tags":[],"class_list":["post-279731","post","type-post","status-publish","format-standard","has-post-thumbnail","","category-haberler-yerel","category-son-haberler","category-yerel"],"_links":{"self":[{"href":"https:\/\/archive.sana.sy\/tr\/index.php?rest_route=\/wp\/v2\/posts\/279731","targetHints":{"allow":["GET"]}}],"collection":[{"href":"https:\/\/archive.sana.sy\/tr\/index.php?rest_route=\/wp\/v2\/posts"}],"about":[{"href":"https:\/\/archive.sana.sy\/tr\/index.php?rest_route=\/wp\/v2\/types\/post"}],"author":[{"embeddable":true,"href":"https:\/\/archive.sana.sy\/tr\/index.php?rest_route=\/wp\/v2\/users\/41"}],"replies":[{"embeddable":true,"href":"https:\/\/archive.sana.sy\/tr\/index.php?rest_route=%2Fwp%2Fv2%2Fcomments&post=279731"}],"version-history":[{"count":0,"href":"https:\/\/archive.sana.sy\/tr\/index.php?rest_route=\/wp\/v2\/posts\/279731\/revisions"}],"wp:featuredmedia":[{"embeddable":true,"href":"https:\/\/archive.sana.sy\/tr\/index.php?rest_route=\/wp\/v2\/media\/279732"}],"wp:attachment":[{"href":"https:\/\/archive.sana.sy\/tr\/index.php?rest_route=%2Fwp%2Fv2%2Fmedia&parent=279731"}],"wp:term":[{"taxonomy":"category","embeddable":true,"href":"https:\/\/archive.sana.sy\/tr\/index.php?rest_route=%2Fwp%2Fv2%2Fcategories&post=279731"},{"taxonomy":"post_tag","embeddable":true,"href":"https:\/\/archive.sana.sy\/tr\/index.php?rest_route=%2Fwp%2Fv2%2Ftags&post=279731"}],"curies":[{"name":"wp","href":"https:\/\/api.w.org\/{rel}","templated":true}]}}