{"id":279742,"date":"2023-04-30T14:31:49","date_gmt":"2023-04-30T11:31:49","guid":{"rendered":"http:\/\/sana.sy\/tr\/?p=279742"},"modified":"2023-05-02T09:07:24","modified_gmt":"2023-05-02T06:07:24","slug":"rus-ordusu-ukrayna-silah-depolarini-imha-etti-4-ihasini-dusurdu","status":"publish","type":"post","link":"https:\/\/archive.sana.sy\/tr\/?p=279742","title":{"rendered":"Rus Ordusu Ukrayna Silah Depolar\u0131n\u0131 \u0130mha Etti, 4 \u0130HAs\u0131\u2019n\u0131 D\u00fc\u015f\u00fcrd\u00fc"},"content":{"rendered":"<p><b>MOSKOVA<\/b>&#8211; Savunma Bakanl\u0131\u011f\u0131, son 24 saat i\u00e7inde \u00a0\u00f6zel askeri operasyonun Donetsk ve Zaporozhye&#8217;deki 4 <img loading=\"lazy\" decoding=\"async\" class=\"size-full wp-image-279745 alignright\" src=\"http:\/\/sana.sy\/tr\/wp-content\/uploads\/2023\/04\/Untitled-4-33-300x169-1.jpg\" alt=\"\" width=\"300\" height=\"169\" \/>Ukrayna askeri \u00fcss\u00fcn\u00fcn, silah depolar\u0131n\u0131n ve Luhansk ve Donetsk&#8217;teki bir Ukrayna komuta merkezinin imha edilmesi ve \u00a0t\u00fcm eksenlerde 670&#8217;den fazla asker ve paral\u0131 askerin tasfiye edilmesiyle sonu\u00e7land\u0131\u011f\u0131n\u0131 duyurdu.<\/p>\n<p>Bakanl\u0131k g\u00fcnl\u00fck raporunda, Kobyansk ekseninde yakla\u015f\u0131k 85 Ukrayna askerinin tasfiye edildi\u011fini, iki Ukraynal\u0131 sabotaj ve ke\u015fif grubunun Harkov&#8217;daki giri\u015fimlerinin p\u00fcsk\u00fcrt\u00fcld\u00fc\u011f\u00fcn\u00fc bildirdi.<\/p>\n<p>Krasny Limansk ekseninde iki D-20 ve D-30 ob\u00fcs\u00fcn\u00fcn imhas\u0131na ek olarak 65 Ukrayna askeri \u00f6ld\u00fcr\u00fcld\u00fc.<\/p>\n<p>Donetsk ekseninde Rus kuvvetleri ve taarruz timleri, Artyomovsk&#8217;un bat\u0131 eteklerinde Ukrayna kuvvetlerini imha etmek i\u00e7in aktif operasyonlar\u0131n\u0131 s\u00fcrd\u00fcrd\u00fc.<\/p>\n<p><img loading=\"lazy\" decoding=\"async\" class=\"size-full wp-image-279747 alignright\" src=\"http:\/\/sana.sy\/tr\/wp-content\/uploads\/2023\/04\/Untitled-5-27-300x169-2.jpg\" alt=\"\" width=\"300\" height=\"169\" \/>Rus hava kuvvetleri, Ukrayna kuvvetlerini \u015fehrin kuzey ve g\u00fcney banliy\u00f6lerinde ku\u015fatmay\u0131 ba\u015fard\u0131.<\/p>\n<p>Rus sava\u015f\u00e7\u0131lar da 4 sorti ger\u00e7ekle\u015ftirdi ve top\u00e7u kuvvetleri Artyomovsk b\u00f6lgesinde 61 at\u0131\u015f g\u00f6revi ger\u00e7ekle\u015ftirdi.<\/p>\n<p>Rapora g\u00f6re, \u00a0t\u00fcm eksende ger\u00e7ekle\u015ftirilen operasyonlar 480&#8217;den fazla asker ve \u00e7etenin \u00f6ld\u00fcr\u00fclmesi, D-30 ob\u00fcs ve kunda\u011f\u0131 motorlu top\u00e7u \u00fcss\u00fcn\u00fcn imha edilmesiyle sonu\u00e7land\u0131.<\/p>\n<p>Ukrayna kuvvetlerinin 24. mekanize tugay\u0131n\u0131n ge\u00e7ici konu\u015flanma noktalar\u0131 ve Konstantinovka k\u00f6y\u00fcndeki Ukrayna \u00f6zel harekat kuvvetlerinin bir m\u00fcfrezesi imha edildi.<\/p>\n<p>G\u00fcney Donetsk ve Zaporozhye baltalar\u0131nda Ukrayna Silahl\u0131 Kuvvetleri yakla\u015f\u0131k 30 asker kaybetti ve D-30 toplar\u0131 imha edildi.<\/p>\n<p>Herson ekseninde 10&#8217;dan fazla Ukrayna askeri \u00f6ld\u00fcr\u00fcld\u00fc ve Amerikan yap\u0131m\u0131 ob\u00fcs ve batarya kar\u015f\u0131t\u0131 radar imha edildi.<\/p>\n<p>&nbsp;<\/p>\n<p>R.M.<\/p>\n<p><a href=\"https:\/\/t.me\/SuriyeArapHaberAjansI\">Telegram Kanal\u0131m\u0131z\u00a0<\/a><\/p>\n<p><a href=\"https:\/\/www.facebook.com\/SANAHaberAjansi\/\">Facebook Sayfam\u0131z<\/a><\/p>\n","protected":false},"excerpt":{"rendered":"<p>MOSKOVA&#8211; Savunma Bakanl\u0131\u011f\u0131, son 24 saat i\u00e7inde \u00a0\u00f6zel askeri operasyonun Donetsk ve Zaporozhye&#8217;deki 4 Ukrayna askeri \u00fcss\u00fcn\u00fcn, silah depolar\u0131n\u0131n ve Luhansk ve Donetsk&#8217;teki bir Ukrayna komuta merkezinin imha edilmesi ve \u00a0t\u00fcm eksenlerde 670&#8217;den fazla asker ve paral\u0131 askerin tasfiye edilmesiyle sonu\u00e7land\u0131\u011f\u0131n\u0131 duyurdu. Bakanl\u0131k g\u00fcnl\u00fck raporunda, Kobyansk ekseninde yakla\u015f\u0131k 85 Ukrayna askerinin tasfiye edildi\u011fini, iki Ukraynal\u0131 &hellip;<\/p>\n","protected":false},"author":41,"featured_media":279744,"comment_status":"closed","ping_status":"closed","sticky":false,"template":"","format":"standard","meta":{"footnotes":""},"categories":[458,459,17988],"tags":[],"class_list":["post-279742","post","type-post","status-publish","format-standard","has-post-thumbnail","","category-dunya1","category-haberler-arap-uluslararasi-politika","category-son-haberler"],"_links":{"self":[{"href":"https:\/\/archive.sana.sy\/tr\/index.php?rest_route=\/wp\/v2\/posts\/279742","targetHints":{"allow":["GET"]}}],"collection":[{"href":"https:\/\/archive.sana.sy\/tr\/index.php?rest_route=\/wp\/v2\/posts"}],"about":[{"href":"https:\/\/archive.sana.sy\/tr\/index.php?rest_route=\/wp\/v2\/types\/post"}],"author":[{"embeddable":true,"href":"https:\/\/archive.sana.sy\/tr\/index.php?rest_route=\/wp\/v2\/users\/41"}],"replies":[{"embeddable":true,"href":"https:\/\/archive.sana.sy\/tr\/index.php?rest_route=%2Fwp%2Fv2%2Fcomments&post=279742"}],"version-history":[{"count":0,"href":"https:\/\/archive.sana.sy\/tr\/index.php?rest_route=\/wp\/v2\/posts\/279742\/revisions"}],"wp:featuredmedia":[{"embeddable":true,"href":"https:\/\/archive.sana.sy\/tr\/index.php?rest_route=\/wp\/v2\/media\/279744"}],"wp:attachment":[{"href":"https:\/\/archive.sana.sy\/tr\/index.php?rest_route=%2Fwp%2Fv2%2Fmedia&parent=279742"}],"wp:term":[{"taxonomy":"category","embeddable":true,"href":"https:\/\/archive.sana.sy\/tr\/index.php?rest_route=%2Fwp%2Fv2%2Fcategories&post=279742"},{"taxonomy":"post_tag","embeddable":true,"href":"https:\/\/archive.sana.sy\/tr\/index.php?rest_route=%2Fwp%2Fv2%2Ftags&post=279742"}],"curies":[{"name":"wp","href":"https:\/\/api.w.org\/{rel}","templated":true}]}}