{"id":279749,"date":"2023-04-30T18:48:32","date_gmt":"2023-04-30T15:48:32","guid":{"rendered":"http:\/\/sana.sy\/tr\/?p=279749"},"modified":"2023-05-02T09:07:37","modified_gmt":"2023-05-02T06:07:37","slug":"volodin-batinin-rusyaya-yonelik-politikasi-vatandaslarini-olumsuz-etkiledi","status":"publish","type":"post","link":"https:\/\/archive.sana.sy\/tr\/?p=279749","title":{"rendered":"Volodin: Bat\u0131&#8217;n\u0131n Rusya&#8217;ya Y\u00f6nelik Politikas\u0131 Vatanda\u015flar\u0131n\u0131 Olumsuz Etkiledi"},"content":{"rendered":"<p><strong>MOSKOVA<\/strong>-Rusya Devlet Dumas\u0131 Ba\u015fkan\u0131 Vyacheslav Volodin, Rusya&#8217;ya yapt\u0131r\u0131m uygulayan Bat\u0131l\u0131 \u00fclkelerin, Washington ve Br\u00fcksel kararlar\u0131n\u0131n yans\u0131malar\u0131n\u0131 \u015fimdiden hissetmeye ba\u015flayan vatanda\u015flar\u0131n\u0131n \u00e7\u0131karlar\u0131n\u0131 d\u00fc\u015f\u00fcnmeleri gerekti\u011fini de\u011ferlendirdi.<\/p>\n<p>RIA Novosti&#8217;ye g\u00f6re Volodin bir televizyon r\u00f6portaj\u0131nda \u200b\u2018\u2019Avrupa vatanda\u015flar\u0131, Rusya&#8217;ya uygulanan yapt\u0131r\u0131mlar ve \u00fclkelerindeki enflasyon da dahil olmak \u00fczere Washington ve Br\u00fcksel&#8217;in kararlar\u0131n\u0131n sonu\u00e7lar\u0131ndan dolay\u0131 ac\u0131 \u00e7ekiyor.\u2019\u2019 dedi.<\/p>\n<p>Volodin&#8217;e g\u00f6re, bir kriz doruk noktas\u0131na ula\u015f\u0131yor ve bu \u00fclkelerin h\u00fck\u00fcmetleri, her \u015feyden \u00f6nce vatanda\u015flar\u0131n\u0131n \u00e7\u0131karlar\u0131n\u0131 d\u00fc\u015f\u00fcnerek sorumluluklar\u0131n\u0131 yerine getirmelidir.<\/p>\n<p>&nbsp;<\/p>\n<p>R.M.<\/p>\n<p><a href=\"https:\/\/t.me\/SuriyeArapHaberAjansI\">Telegram Kanal\u0131m\u0131z\u00a0<\/a><\/p>\n<p><a href=\"https:\/\/www.facebook.com\/SANAHaberAjansi\/\">Facebook Sayfam\u0131z<\/a><\/p>\n","protected":false},"excerpt":{"rendered":"<p>MOSKOVA-Rusya Devlet Dumas\u0131 Ba\u015fkan\u0131 Vyacheslav Volodin, Rusya&#8217;ya yapt\u0131r\u0131m uygulayan Bat\u0131l\u0131 \u00fclkelerin, Washington ve Br\u00fcksel kararlar\u0131n\u0131n yans\u0131malar\u0131n\u0131 \u015fimdiden hissetmeye ba\u015flayan vatanda\u015flar\u0131n\u0131n \u00e7\u0131karlar\u0131n\u0131 d\u00fc\u015f\u00fcnmeleri gerekti\u011fini de\u011ferlendirdi. RIA Novosti&#8217;ye g\u00f6re Volodin bir televizyon r\u00f6portaj\u0131nda \u200b\u2018\u2019Avrupa vatanda\u015flar\u0131, Rusya&#8217;ya uygulanan yapt\u0131r\u0131mlar ve \u00fclkelerindeki enflasyon da dahil olmak \u00fczere Washington ve Br\u00fcksel&#8217;in kararlar\u0131n\u0131n sonu\u00e7lar\u0131ndan dolay\u0131 ac\u0131 \u00e7ekiyor.\u2019\u2019 dedi. Volodin&#8217;e g\u00f6re, bir &hellip;<\/p>\n","protected":false},"author":41,"featured_media":279750,"comment_status":"closed","ping_status":"closed","sticky":false,"template":"","format":"standard","meta":{"footnotes":""},"categories":[458,459,17988],"tags":[],"class_list":["post-279749","post","type-post","status-publish","format-standard","has-post-thumbnail","","category-dunya1","category-haberler-arap-uluslararasi-politika","category-son-haberler"],"_links":{"self":[{"href":"https:\/\/archive.sana.sy\/tr\/index.php?rest_route=\/wp\/v2\/posts\/279749","targetHints":{"allow":["GET"]}}],"collection":[{"href":"https:\/\/archive.sana.sy\/tr\/index.php?rest_route=\/wp\/v2\/posts"}],"about":[{"href":"https:\/\/archive.sana.sy\/tr\/index.php?rest_route=\/wp\/v2\/types\/post"}],"author":[{"embeddable":true,"href":"https:\/\/archive.sana.sy\/tr\/index.php?rest_route=\/wp\/v2\/users\/41"}],"replies":[{"embeddable":true,"href":"https:\/\/archive.sana.sy\/tr\/index.php?rest_route=%2Fwp%2Fv2%2Fcomments&post=279749"}],"version-history":[{"count":0,"href":"https:\/\/archive.sana.sy\/tr\/index.php?rest_route=\/wp\/v2\/posts\/279749\/revisions"}],"wp:featuredmedia":[{"embeddable":true,"href":"https:\/\/archive.sana.sy\/tr\/index.php?rest_route=\/wp\/v2\/media\/279750"}],"wp:attachment":[{"href":"https:\/\/archive.sana.sy\/tr\/index.php?rest_route=%2Fwp%2Fv2%2Fmedia&parent=279749"}],"wp:term":[{"taxonomy":"category","embeddable":true,"href":"https:\/\/archive.sana.sy\/tr\/index.php?rest_route=%2Fwp%2Fv2%2Fcategories&post=279749"},{"taxonomy":"post_tag","embeddable":true,"href":"https:\/\/archive.sana.sy\/tr\/index.php?rest_route=%2Fwp%2Fv2%2Ftags&post=279749"}],"curies":[{"name":"wp","href":"https:\/\/api.w.org\/{rel}","templated":true}]}}