{"id":279753,"date":"2023-04-30T19:35:20","date_gmt":"2023-04-30T16:35:20","guid":{"rendered":"http:\/\/sana.sy\/tr\/?p=279753"},"modified":"2023-05-02T09:07:42","modified_gmt":"2023-05-02T06:07:42","slug":"amerikan-isgali-el-cezire-bolgesine-ekipman-ve-muhimmat-yuklu-40-kamyon-getirdi","status":"publish","type":"post","link":"https:\/\/archive.sana.sy\/tr\/?p=279753","title":{"rendered":"Amerikan \u0130\u015fgali, El Cezire B\u00f6lgesine Ekipman Ve M\u00fchimmat Y\u00fckl\u00fc 40 Kamyon Getirdi"},"content":{"rendered":"<p><strong>HASEKE<\/strong> &#8211; Amerikan i\u015fgal g\u00fc\u00e7leri, Haseke&#8217;nin do\u011fu k\u0131rsal\u0131ndaki yasad\u0131\u015f\u0131 El Velid \u00a0ge\u00e7idinden Irak topraklar\u0131ndan <img loading=\"lazy\" decoding=\"async\" class=\"size-full wp-image-279755 alignright\" src=\"http:\/\/sana.sy\/tr\/wp-content\/uploads\/2023\/04\/1-41.jpg\" alt=\"\" width=\"300\" height=\"186\" \/>gelen askeri te\u00e7hizat, lojistik malzeme ve m\u00fchimmat y\u00fckl\u00fc bir ara\u00e7 konvoyunu \u00a0getirdi.<\/p>\n<p>Yerel kaynaklar Haseke&#8217;deki SANA muhabirine verdi\u011fi deme\u00e7te, \u2018\u2019Lojistik malzeme, askeri te\u00e7hizat ve m\u00fchimmat y\u00fckl\u00fc kamyonlar da dahil olmak \u00fczere 40 ara\u00e7l\u0131k bir konvoy, Amerikan i\u015fgal g\u00fc\u00e7leri taraf\u0131ndan Irak topraklar\u0131ndan yasad\u0131\u015f\u0131 El Velid ge\u00e7idinden getirildi. Haseke&#8217;nin uzak kuzeydo\u011fu k\u0131rsal\u0131 olan El Saide k\u00f6y\u00fcn\u00fcn kav\u015fa\u011f\u0131ndan ge\u00e7erek, i\u015fgal g\u00fc\u00e7lerinin kendisi i\u00e7in yasad\u0131\u015f\u0131 bir \u00fcs olarak ald\u0131\u011f\u0131 Harab El Cir askeri havaalan\u0131na y\u00f6neldi.\u2019\u2019 dedi.<\/p>\n<p>Kaynaklar ayr\u0131ca, konvoya i\u015fgal kuvvetlerine ait askeri z\u0131rhl\u0131 ara\u00e7lar\u0131n korunmas\u0131 i\u00e7in e\u015flik etti\u011fine dikkat \u00e7ekti.<\/p>\n<div id='gallery-1' class='gallery galleryid-279753 gallery-columns-1 gallery-size-full'><figure class='gallery-item'>\n\t\t\t<div class='gallery-icon landscape'>\n\t\t\t\t<a href='https:\/\/archive.sana.sy\/tr\/?attachment_id=279757'><img loading=\"lazy\" decoding=\"async\" width=\"660\" height=\"368\" src=\"https:\/\/archive.sana.sy\/tr\/wp-content\/uploads\/2023\/04\/222222222-1.jpg\" class=\"attachment-full size-full\" alt=\"\" srcset=\"https:\/\/archive.sana.sy\/tr\/wp-content\/uploads\/2023\/04\/222222222-1.jpg 660w, https:\/\/archive.sana.sy\/tr\/wp-content\/uploads\/2023\/04\/222222222-1-300x167.jpg 300w\" sizes=\"auto, (max-width: 660px) 100vw, 660px\" \/><\/a>\n\t\t\t<\/div><\/figure>\n\t\t<\/div>\n\n<p>R.M.<\/p>\n<p><a href=\"https:\/\/t.me\/SuriyeArapHaberAjansI\">Telegram Kanal\u0131m\u0131z\u00a0<\/a><\/p>\n<p><a href=\"https:\/\/www.facebook.com\/SANAHaberAjansi\/\">Facebook Sayfam\u0131z<\/a><\/p>\n<p>&nbsp;<\/p>\n","protected":false},"excerpt":{"rendered":"<p>HASEKE &#8211; Amerikan i\u015fgal g\u00fc\u00e7leri, Haseke&#8217;nin do\u011fu k\u0131rsal\u0131ndaki yasad\u0131\u015f\u0131 El Velid \u00a0ge\u00e7idinden Irak topraklar\u0131ndan gelen askeri te\u00e7hizat, lojistik malzeme ve m\u00fchimmat y\u00fckl\u00fc bir ara\u00e7 konvoyunu \u00a0getirdi. Yerel kaynaklar Haseke&#8217;deki SANA muhabirine verdi\u011fi deme\u00e7te, \u2018\u2019Lojistik malzeme, askeri te\u00e7hizat ve m\u00fchimmat y\u00fckl\u00fc kamyonlar da dahil olmak \u00fczere 40 ara\u00e7l\u0131k bir konvoy, Amerikan i\u015fgal g\u00fc\u00e7leri taraf\u0131ndan Irak topraklar\u0131ndan &hellip;<\/p>\n","protected":false},"author":41,"featured_media":279754,"comment_status":"closed","ping_status":"closed","sticky":false,"template":"","format":"standard","meta":{"footnotes":""},"categories":[479,575,17988,478],"tags":[],"class_list":["post-279753","post","type-post","status-publish","format-standard","has-post-thumbnail","","category-haberler-yerel","category-olaylar-ve-gercekler","category-son-haberler","category-yerel"],"_links":{"self":[{"href":"https:\/\/archive.sana.sy\/tr\/index.php?rest_route=\/wp\/v2\/posts\/279753","targetHints":{"allow":["GET"]}}],"collection":[{"href":"https:\/\/archive.sana.sy\/tr\/index.php?rest_route=\/wp\/v2\/posts"}],"about":[{"href":"https:\/\/archive.sana.sy\/tr\/index.php?rest_route=\/wp\/v2\/types\/post"}],"author":[{"embeddable":true,"href":"https:\/\/archive.sana.sy\/tr\/index.php?rest_route=\/wp\/v2\/users\/41"}],"replies":[{"embeddable":true,"href":"https:\/\/archive.sana.sy\/tr\/index.php?rest_route=%2Fwp%2Fv2%2Fcomments&post=279753"}],"version-history":[{"count":0,"href":"https:\/\/archive.sana.sy\/tr\/index.php?rest_route=\/wp\/v2\/posts\/279753\/revisions"}],"wp:featuredmedia":[{"embeddable":true,"href":"https:\/\/archive.sana.sy\/tr\/index.php?rest_route=\/wp\/v2\/media\/279754"}],"wp:attachment":[{"href":"https:\/\/archive.sana.sy\/tr\/index.php?rest_route=%2Fwp%2Fv2%2Fmedia&parent=279753"}],"wp:term":[{"taxonomy":"category","embeddable":true,"href":"https:\/\/archive.sana.sy\/tr\/index.php?rest_route=%2Fwp%2Fv2%2Fcategories&post=279753"},{"taxonomy":"post_tag","embeddable":true,"href":"https:\/\/archive.sana.sy\/tr\/index.php?rest_route=%2Fwp%2Fv2%2Ftags&post=279753"}],"curies":[{"name":"wp","href":"https:\/\/api.w.org\/{rel}","templated":true}]}}