{"id":279763,"date":"2023-05-01T10:28:30","date_gmt":"2023-05-01T07:28:30","guid":{"rendered":"https:\/\/sana.sy\/tr\/?p=279763"},"modified":"2023-05-03T12:41:19","modified_gmt":"2023-05-03T09:41:19","slug":"el-mikdad-suriye-suudi-arabistan-urdun-misir-ve-irak-disisleri-bakanlari-toplantisina-katilmak-uzere-ammana-geldi","status":"publish","type":"post","link":"https:\/\/archive.sana.sy\/tr\/?p=279763","title":{"rendered":"Suriye, Suudi Arabistan, \u00dcrd\u00fcn, M\u0131s\u0131r Ve Irak D\u0131\u015fi\u015fleri Bakanlar\u0131 Toplant\u0131s\u0131 Amman&#8217;da Ba\u015flad\u0131"},"content":{"rendered":"<p><strong>AMMAN<\/strong> \u2013 Suriye, Suudi Arabistan, \u00dcrd\u00fcn, M\u0131s\u0131r ve Irak d\u0131\u015fi\u015fleri bakanlar\u0131n\u0131n son g\u00f6r\u00fc\u015fme ve temaslarda g\u00fcndeme gelen bir tak\u0131m konular\u0131n takibi i\u00e7in bug\u00fcn \u00dcrd\u00fcn&#8217;\u00fcn ba\u015fkenti Amman&#8217;da \u00e7al\u0131\u015fmalar\u0131 ba\u015flad\u0131.<\/p>\n<p><img loading=\"lazy\" decoding=\"async\" class=\"size-full wp-image-279813 alignright\" src=\"http:\/\/sana.sy\/tr\/wp-content\/uploads\/2023\/05\/jordan-38-300x187-1.jpg\" alt=\"\" width=\"300\" height=\"187\" \/> SANA muhabiri, D\u0131\u015fi\u015fleri ve Gurbet\u00e7iler Bakan\u0131 Faysal Mikdad ve beraberindeki heyetin Amman&#8217;daki bakanlar toplant\u0131s\u0131n\u0131n karargah\u0131na geldi\u011fini ve kar\u015f\u0131layanlar\u0131n\u0131n en \u00f6n\u00fcnde \u00dcrd\u00fcn D\u0131\u015fi\u015fleri Bakan\u0131 Eymen El Safadi&#8217;nin bulundu\u011funu belirtti.<\/p>\n<p>D\u0131\u015fi\u015fleri ve Gurbet\u00e7iler Bakanl\u0131\u011f\u0131 d\u00fcn Twitter hesab\u0131ndan yapt\u0131\u011f\u0131 a\u00e7\u0131klamada, &#8220;El Mikdad, \u00dcrd\u00fcn&#8217;\u00fcn ba\u015fkenti Amman&#8217;da yap\u0131lacak olan Suriye, Suudi Arabistan, \u00dcrd\u00fcn, M\u0131s\u0131r ve Irak d\u0131\u015fi\u015fleri bakanlar\u0131 toplant\u0131s\u0131na, son toplant\u0131larda g\u00fcndeme gelen bir dizi konuyu g\u00f6r\u00fc\u015fmek \u00fczere kat\u0131lacak&#8221; dedi.<\/p>\n<div id='gallery-1' class='gallery galleryid-279763 gallery-columns-1 gallery-size-full'><figure class='gallery-item'>\n\t\t\t<div class='gallery-icon landscape'>\n\t\t\t\t<a href='https:\/\/archive.sana.sy\/tr\/?attachment_id=279811'><img loading=\"lazy\" decoding=\"async\" width=\"660\" height=\"270\" src=\"https:\/\/archive.sana.sy\/tr\/wp-content\/uploads\/2023\/05\/jordan-46.jpg\" class=\"attachment-full size-full\" alt=\"\" srcset=\"https:\/\/archive.sana.sy\/tr\/wp-content\/uploads\/2023\/05\/jordan-46.jpg 660w, https:\/\/archive.sana.sy\/tr\/wp-content\/uploads\/2023\/05\/jordan-46-300x123.jpg 300w\" sizes=\"auto, (max-width: 660px) 100vw, 660px\" \/><\/a>\n\t\t\t<\/div><\/figure>\n\t\t<\/div>\n\n<p><a href=\"https:\/\/t.me\/SuriyeArapHaberAjansI\">Telegram Kanal\u0131m\u0131z\u00a0<\/a><\/p>\n<p><a href=\"https:\/\/www.facebook.com\/SANAHaberAjansi\/\">Facebook Sayfam\u0131z<\/a><\/p>\n","protected":false},"excerpt":{"rendered":"<p>AMMAN \u2013 Suriye, Suudi Arabistan, \u00dcrd\u00fcn, M\u0131s\u0131r ve Irak d\u0131\u015fi\u015fleri bakanlar\u0131n\u0131n son g\u00f6r\u00fc\u015fme ve temaslarda g\u00fcndeme gelen bir tak\u0131m konular\u0131n takibi i\u00e7in bug\u00fcn \u00dcrd\u00fcn&#8217;\u00fcn ba\u015fkenti Amman&#8217;da \u00e7al\u0131\u015fmalar\u0131 ba\u015flad\u0131. SANA muhabiri, D\u0131\u015fi\u015fleri ve Gurbet\u00e7iler Bakan\u0131 Faysal Mikdad ve beraberindeki heyetin Amman&#8217;daki bakanlar toplant\u0131s\u0131n\u0131n karargah\u0131na geldi\u011fini ve kar\u015f\u0131layanlar\u0131n\u0131n en \u00f6n\u00fcnde \u00dcrd\u00fcn D\u0131\u015fi\u015fleri Bakan\u0131 Eymen El Safadi&#8217;nin bulundu\u011funu &hellip;<\/p>\n","protected":false},"author":39,"featured_media":279815,"comment_status":"closed","ping_status":"closed","sticky":false,"template":"","format":"standard","meta":{"footnotes":""},"categories":[458,459,17988],"tags":[],"class_list":["post-279763","post","type-post","status-publish","format-standard","has-post-thumbnail","","category-dunya1","category-haberler-arap-uluslararasi-politika","category-son-haberler"],"_links":{"self":[{"href":"https:\/\/archive.sana.sy\/tr\/index.php?rest_route=\/wp\/v2\/posts\/279763","targetHints":{"allow":["GET"]}}],"collection":[{"href":"https:\/\/archive.sana.sy\/tr\/index.php?rest_route=\/wp\/v2\/posts"}],"about":[{"href":"https:\/\/archive.sana.sy\/tr\/index.php?rest_route=\/wp\/v2\/types\/post"}],"author":[{"embeddable":true,"href":"https:\/\/archive.sana.sy\/tr\/index.php?rest_route=\/wp\/v2\/users\/39"}],"replies":[{"embeddable":true,"href":"https:\/\/archive.sana.sy\/tr\/index.php?rest_route=%2Fwp%2Fv2%2Fcomments&post=279763"}],"version-history":[{"count":0,"href":"https:\/\/archive.sana.sy\/tr\/index.php?rest_route=\/wp\/v2\/posts\/279763\/revisions"}],"wp:featuredmedia":[{"embeddable":true,"href":"https:\/\/archive.sana.sy\/tr\/index.php?rest_route=\/wp\/v2\/media\/279815"}],"wp:attachment":[{"href":"https:\/\/archive.sana.sy\/tr\/index.php?rest_route=%2Fwp%2Fv2%2Fmedia&parent=279763"}],"wp:term":[{"taxonomy":"category","embeddable":true,"href":"https:\/\/archive.sana.sy\/tr\/index.php?rest_route=%2Fwp%2Fv2%2Fcategories&post=279763"},{"taxonomy":"post_tag","embeddable":true,"href":"https:\/\/archive.sana.sy\/tr\/index.php?rest_route=%2Fwp%2Fv2%2Ftags&post=279763"}],"curies":[{"name":"wp","href":"https:\/\/api.w.org\/{rel}","templated":true}]}}