{"id":279768,"date":"2023-05-01T12:56:53","date_gmt":"2023-05-01T09:56:53","guid":{"rendered":"https:\/\/sana.sy\/tr\/?p=279768"},"modified":"2023-05-02T09:08:51","modified_gmt":"2023-05-02T06:08:51","slug":"el-mikdad-ve-el-safadi-bir-dizi-ortak-ikili-konuyu-gorustu","status":"publish","type":"post","link":"https:\/\/archive.sana.sy\/tr\/?p=279768","title":{"rendered":"Mikdad Ve El Safadi Bir Dizi Ortak \u0130kili Konuyu G\u00f6r\u00fc\u015ft\u00fc"},"content":{"rendered":"<p><strong>AMMAN \u2013 <\/strong>D\u0131\u015fi\u015fleri ve Gurbet\u00e7iler Bakan\u0131 Faysal Mikdad, bug\u00fcn \u00dcrd\u00fcn D\u0131\u015fi\u015fleri Bakan\u0131 Eymen El Safadi ile bir dizi ortak ikili konuyu g\u00f6r\u00fc\u015ft\u00fc.<\/p>\n<p>Petra Ajans\u0131&#8217;n\u0131n haberine g\u00f6re bug\u00fcn Suriye, Suudi Arabistan, \u00dcrd\u00fcn, M\u0131s\u0131r ve Irak d\u0131\u015fi\u015fleri bakanlar\u0131n\u0131n Amman&#8217;da yapaca\u011f\u0131 g\u00f6r\u00fc\u015fme \u00f6ncesinde ger\u00e7ekle\u015fen g\u00f6r\u00fc\u015fmede s\u0131n\u0131r g\u00fcvenli\u011fi, su ve m\u00fclteciler gibi bir\u00e7ok ikili konu ele al\u0131nd\u0131.<\/p>\n<p>SANA muhabiri, Bakan Mikdad&#8217;\u0131n bug\u00fcn Suudi Arabistan, \u00dcrd\u00fcn, M\u0131s\u0131r ve Irak d\u0131\u015fi\u015fleri bakanlar\u0131n\u0131n yer ald\u0131\u011f\u0131 toplant\u0131ya kat\u0131lmak \u00fczere \u00dcrd\u00fcn&#8217;\u00fcn ba\u015fkenti Amman&#8217;a geldi\u011fini belirtti.<\/p>\n<p>D\u0131\u015fi\u015fleri ve Gurbet\u00e7iler Bakanl\u0131\u011f\u0131 d\u00fcn Twitter hesab\u0131ndan yapt\u0131\u011f\u0131 a\u00e7\u0131klamada, &#8220;El Mikdad, \u00dcrd\u00fcn&#8217;\u00fcn ba\u015fkenti Amman&#8217;da yap\u0131lacak olan Suriye, Suudi Arabistan, \u00dcrd\u00fcn, M\u0131s\u0131r ve Irak d\u0131\u015fi\u015fleri bakanlar\u0131 toplant\u0131s\u0131na, son toplant\u0131larda g\u00fcndeme gelen bir dizi konuyu g\u00f6r\u00fc\u015fmek \u00fczere kat\u0131lacak&#8221; dedi.<\/p>\n","protected":false},"excerpt":{"rendered":"<p>AMMAN \u2013 D\u0131\u015fi\u015fleri ve Gurbet\u00e7iler Bakan\u0131 Faysal Mikdad, bug\u00fcn \u00dcrd\u00fcn D\u0131\u015fi\u015fleri Bakan\u0131 Eymen El Safadi ile bir dizi ortak ikili konuyu g\u00f6r\u00fc\u015ft\u00fc. Petra Ajans\u0131&#8217;n\u0131n haberine g\u00f6re bug\u00fcn Suriye, Suudi Arabistan, \u00dcrd\u00fcn, M\u0131s\u0131r ve Irak d\u0131\u015fi\u015fleri bakanlar\u0131n\u0131n Amman&#8217;da yapaca\u011f\u0131 g\u00f6r\u00fc\u015fme \u00f6ncesinde ger\u00e7ekle\u015fen g\u00f6r\u00fc\u015fmede s\u0131n\u0131r g\u00fcvenli\u011fi, su ve m\u00fclteciler gibi bir\u00e7ok ikili konu ele al\u0131nd\u0131. SANA muhabiri, &hellip;<\/p>\n","protected":false},"author":39,"featured_media":279769,"comment_status":"closed","ping_status":"closed","sticky":false,"template":"","format":"standard","meta":{"footnotes":""},"categories":[458,459,17988],"tags":[],"class_list":["post-279768","post","type-post","status-publish","format-standard","has-post-thumbnail","","category-dunya1","category-haberler-arap-uluslararasi-politika","category-son-haberler"],"_links":{"self":[{"href":"https:\/\/archive.sana.sy\/tr\/index.php?rest_route=\/wp\/v2\/posts\/279768","targetHints":{"allow":["GET"]}}],"collection":[{"href":"https:\/\/archive.sana.sy\/tr\/index.php?rest_route=\/wp\/v2\/posts"}],"about":[{"href":"https:\/\/archive.sana.sy\/tr\/index.php?rest_route=\/wp\/v2\/types\/post"}],"author":[{"embeddable":true,"href":"https:\/\/archive.sana.sy\/tr\/index.php?rest_route=\/wp\/v2\/users\/39"}],"replies":[{"embeddable":true,"href":"https:\/\/archive.sana.sy\/tr\/index.php?rest_route=%2Fwp%2Fv2%2Fcomments&post=279768"}],"version-history":[{"count":0,"href":"https:\/\/archive.sana.sy\/tr\/index.php?rest_route=\/wp\/v2\/posts\/279768\/revisions"}],"wp:featuredmedia":[{"embeddable":true,"href":"https:\/\/archive.sana.sy\/tr\/index.php?rest_route=\/wp\/v2\/media\/279769"}],"wp:attachment":[{"href":"https:\/\/archive.sana.sy\/tr\/index.php?rest_route=%2Fwp%2Fv2%2Fmedia&parent=279768"}],"wp:term":[{"taxonomy":"category","embeddable":true,"href":"https:\/\/archive.sana.sy\/tr\/index.php?rest_route=%2Fwp%2Fv2%2Fcategories&post=279768"},{"taxonomy":"post_tag","embeddable":true,"href":"https:\/\/archive.sana.sy\/tr\/index.php?rest_route=%2Fwp%2Fv2%2Ftags&post=279768"}],"curies":[{"name":"wp","href":"https:\/\/api.w.org\/{rel}","templated":true}]}}