{"id":279777,"date":"2023-05-01T13:47:07","date_gmt":"2023-05-01T10:47:07","guid":{"rendered":"https:\/\/sana.sy\/tr\/?p=279777"},"modified":"2023-05-02T09:09:50","modified_gmt":"2023-05-02T06:09:50","slug":"kanaani-suriye-ve-iran-bati-asya-bolgesinde-onemli-bir-rol-oynuyor","status":"publish","type":"post","link":"https:\/\/archive.sana.sy\/tr\/?p=279777","title":{"rendered":"Kanaani: Suriye Ve \u0130ran, Bat\u0131 Asya B\u00f6lgesinde \u00d6nemli Bir Rol Oynuyor"},"content":{"rendered":"<p><strong>TAHRAN <\/strong>\u2013 \u0130ran D\u0131\u015fi\u015fleri Bakanl\u0131\u011f\u0131 S\u00f6zc\u00fcs\u00fc Nasser Kanaani, Suriye ve \u0130ran&#8217;\u0131n uzun s\u00fcredir devam eden ili\u015fkileri oldu\u011funu ve Bat\u0131 Asya b\u00f6lgesinde \u00f6nemli bir rol oynad\u0131\u011f\u0131n\u0131 vurgulad\u0131.<\/p>\n<p>Kanaani, haftal\u0131k bas\u0131n toplant\u0131s\u0131nda, \u015eam ile Tahran aras\u0131ndaki ili\u015fkilerin kadim oldu\u011funu ve gurur duydu\u011fu bir tarihe sahip oldu\u011funu belirterek, \u0130ran Cumhurba\u015fkan\u0131 \u0130brahim Raisi&#8217;nin Suriye&#8217;ye yapaca\u011f\u0131 ziyaretin bu ili\u015fkilerin derinli\u011fini teyit etti\u011fine i\u015faret etti.<\/p>\n<p>kanaani ayr\u0131ca,Ter\u00f6rle m\u00fccadele s\u00fcrecinde \u00fclkesinin de dost \u00fclke Suriye&#8217;nin yan\u0131nda yer ald\u0131\u011f\u0131na i\u015faret ederek, bug\u00fcn de t\u00fcm teknik ve m\u00fchendislik imkanlar\u0131yla deste\u011fini ve yeniden in\u015fa s\u00fcrecine kat\u0131l\u0131m\u0131n\u0131 ilan etti.<\/p>\n<p><a href=\"https:\/\/t.me\/SuriyeArapHaberAjansI\">Telgram Kanal\u0131m\u0131z\u00a0<\/a><\/p>\n<p><a href=\"https:\/\/www.facebook.com\/SANAHaberAjansi\/\">Facebook Sayfam\u0131z<\/a><\/p>\n","protected":false},"excerpt":{"rendered":"<p>TAHRAN \u2013 \u0130ran D\u0131\u015fi\u015fleri Bakanl\u0131\u011f\u0131 S\u00f6zc\u00fcs\u00fc Nasser Kanaani, Suriye ve \u0130ran&#8217;\u0131n uzun s\u00fcredir devam eden ili\u015fkileri oldu\u011funu ve Bat\u0131 Asya b\u00f6lgesinde \u00f6nemli bir rol oynad\u0131\u011f\u0131n\u0131 vurgulad\u0131. Kanaani, haftal\u0131k bas\u0131n toplant\u0131s\u0131nda, \u015eam ile Tahran aras\u0131ndaki ili\u015fkilerin kadim oldu\u011funu ve gurur duydu\u011fu bir tarihe sahip oldu\u011funu belirterek, \u0130ran Cumhurba\u015fkan\u0131 \u0130brahim Raisi&#8217;nin Suriye&#8217;ye yapaca\u011f\u0131 ziyaretin bu ili\u015fkilerin derinli\u011fini &hellip;<\/p>\n","protected":false},"author":39,"featured_media":279778,"comment_status":"closed","ping_status":"closed","sticky":false,"template":"","format":"standard","meta":{"footnotes":""},"categories":[458,459,17988],"tags":[],"class_list":["post-279777","post","type-post","status-publish","format-standard","has-post-thumbnail","","category-dunya1","category-haberler-arap-uluslararasi-politika","category-son-haberler"],"_links":{"self":[{"href":"https:\/\/archive.sana.sy\/tr\/index.php?rest_route=\/wp\/v2\/posts\/279777","targetHints":{"allow":["GET"]}}],"collection":[{"href":"https:\/\/archive.sana.sy\/tr\/index.php?rest_route=\/wp\/v2\/posts"}],"about":[{"href":"https:\/\/archive.sana.sy\/tr\/index.php?rest_route=\/wp\/v2\/types\/post"}],"author":[{"embeddable":true,"href":"https:\/\/archive.sana.sy\/tr\/index.php?rest_route=\/wp\/v2\/users\/39"}],"replies":[{"embeddable":true,"href":"https:\/\/archive.sana.sy\/tr\/index.php?rest_route=%2Fwp%2Fv2%2Fcomments&post=279777"}],"version-history":[{"count":0,"href":"https:\/\/archive.sana.sy\/tr\/index.php?rest_route=\/wp\/v2\/posts\/279777\/revisions"}],"wp:featuredmedia":[{"embeddable":true,"href":"https:\/\/archive.sana.sy\/tr\/index.php?rest_route=\/wp\/v2\/media\/279778"}],"wp:attachment":[{"href":"https:\/\/archive.sana.sy\/tr\/index.php?rest_route=%2Fwp%2Fv2%2Fmedia&parent=279777"}],"wp:term":[{"taxonomy":"category","embeddable":true,"href":"https:\/\/archive.sana.sy\/tr\/index.php?rest_route=%2Fwp%2Fv2%2Fcategories&post=279777"},{"taxonomy":"post_tag","embeddable":true,"href":"https:\/\/archive.sana.sy\/tr\/index.php?rest_route=%2Fwp%2Fv2%2Ftags&post=279777"}],"curies":[{"name":"wp","href":"https:\/\/api.w.org\/{rel}","templated":true}]}}