{"id":279787,"date":"2023-05-01T08:40:23","date_gmt":"2023-05-01T05:40:23","guid":{"rendered":"http:\/\/sana.sy\/tr\/?p=279787"},"modified":"2023-05-02T09:07:46","modified_gmt":"2023-05-02T06:07:46","slug":"japonyanin-okinawa-adasinda-5-4-buyuklugunde-deprem-meydana-geldi","status":"publish","type":"post","link":"https:\/\/archive.sana.sy\/tr\/?p=279787","title":{"rendered":"Japonya&#8217;n\u0131n Okinawa Adas\u0131nda 5.4 B\u00fcy\u00fckl\u00fc\u011f\u00fcnde Deprem Meydana Geldi"},"content":{"rendered":"<p><strong>TOKYO<\/strong>&#8211; Japonya&#8217;n\u0131n Okinawa adas\u0131nda bug\u00fcn Richter \u00f6l\u00e7e\u011fine g\u00f6re 5.4 b\u00fcy\u00fckl\u00fc\u011f\u00fcnde bir deprem meydana geldi.<\/p>\n<p>ABD Jeoloji Ara\u015ft\u0131rmas\u0131, \u2018\u2019Deprem, Japonya&#8217;n\u0131n Okinawa eyaletindeki Kastorin Hibaru&#8217;nun 80 kilometre do\u011fusunda meydana geldi. Acil yaralanma veya maddi hasar bildirimi olmaks\u0131z\u0131n 10 kilometre derinlikte konu\u015fland\u0131r\u0131ld\u0131. Deprem nedeniyle tsunami tehlikesi bildirilmedi.\u2019\u2019 dedi.<\/p>\n<p>Japonya, depremlerin ve volkanlar\u0131n aktif oldu\u011fu bir b\u00f6lge olan Pasifik Ate\u015f \u00c7emberi&#8217;nde yer almaktad\u0131r.<\/p>\n<p>&nbsp;<\/p>\n<p>R.M.<\/p>\n<p><a href=\"https:\/\/t.me\/SuriyeArapHaberAjansI\">Telegram Kanal\u0131m\u0131z\u00a0<\/a><\/p>\n<p><a href=\"https:\/\/www.facebook.com\/SANAHaberAjansi\/\">Facebook Sayfam\u0131z<\/a><\/p>\n","protected":false},"excerpt":{"rendered":"<p>TOKYO&#8211; Japonya&#8217;n\u0131n Okinawa adas\u0131nda bug\u00fcn Richter \u00f6l\u00e7e\u011fine g\u00f6re 5.4 b\u00fcy\u00fckl\u00fc\u011f\u00fcnde bir deprem meydana geldi. ABD Jeoloji Ara\u015ft\u0131rmas\u0131, \u2018\u2019Deprem, Japonya&#8217;n\u0131n Okinawa eyaletindeki Kastorin Hibaru&#8217;nun 80 kilometre do\u011fusunda meydana geldi. Acil yaralanma veya maddi hasar bildirimi olmaks\u0131z\u0131n 10 kilometre derinlikte konu\u015fland\u0131r\u0131ld\u0131. Deprem nedeniyle tsunami tehlikesi bildirilmedi.\u2019\u2019 dedi. Japonya, depremlerin ve volkanlar\u0131n aktif oldu\u011fu bir b\u00f6lge olan Pasifik &hellip;<\/p>\n","protected":false},"author":41,"featured_media":279788,"comment_status":"closed","ping_status":"closed","sticky":false,"template":"","format":"standard","meta":{"footnotes":""},"categories":[458,459,17988],"tags":[],"class_list":["post-279787","post","type-post","status-publish","format-standard","has-post-thumbnail","","category-dunya1","category-haberler-arap-uluslararasi-politika","category-son-haberler"],"_links":{"self":[{"href":"https:\/\/archive.sana.sy\/tr\/index.php?rest_route=\/wp\/v2\/posts\/279787","targetHints":{"allow":["GET"]}}],"collection":[{"href":"https:\/\/archive.sana.sy\/tr\/index.php?rest_route=\/wp\/v2\/posts"}],"about":[{"href":"https:\/\/archive.sana.sy\/tr\/index.php?rest_route=\/wp\/v2\/types\/post"}],"author":[{"embeddable":true,"href":"https:\/\/archive.sana.sy\/tr\/index.php?rest_route=\/wp\/v2\/users\/41"}],"replies":[{"embeddable":true,"href":"https:\/\/archive.sana.sy\/tr\/index.php?rest_route=%2Fwp%2Fv2%2Fcomments&post=279787"}],"version-history":[{"count":0,"href":"https:\/\/archive.sana.sy\/tr\/index.php?rest_route=\/wp\/v2\/posts\/279787\/revisions"}],"wp:featuredmedia":[{"embeddable":true,"href":"https:\/\/archive.sana.sy\/tr\/index.php?rest_route=\/wp\/v2\/media\/279788"}],"wp:attachment":[{"href":"https:\/\/archive.sana.sy\/tr\/index.php?rest_route=%2Fwp%2Fv2%2Fmedia&parent=279787"}],"wp:term":[{"taxonomy":"category","embeddable":true,"href":"https:\/\/archive.sana.sy\/tr\/index.php?rest_route=%2Fwp%2Fv2%2Fcategories&post=279787"},{"taxonomy":"post_tag","embeddable":true,"href":"https:\/\/archive.sana.sy\/tr\/index.php?rest_route=%2Fwp%2Fv2%2Ftags&post=279787"}],"curies":[{"name":"wp","href":"https:\/\/api.w.org\/{rel}","templated":true}]}}