{"id":279794,"date":"2023-05-01T15:40:41","date_gmt":"2023-05-01T12:40:41","guid":{"rendered":"http:\/\/sana.sy\/tr\/?p=279794"},"modified":"2023-05-03T10:22:42","modified_gmt":"2023-05-03T07:22:42","slug":"cumhurbaskani-esad-depremden-etkilenenleri-desteklemek-icin-ulusal-fonu-kuran-bir-yasama-kararnamesi-yayinladi","status":"publish","type":"post","link":"https:\/\/archive.sana.sy\/tr\/?p=279794","title":{"rendered":"Cumhurba\u015fkan\u0131 Esad, Depremden Etkilenenleri Desteklemek \u0130\u00e7in Ulusal Fon&#8217;u Kuran Bir Yasama Kararnamesi Yay\u0131nlad\u0131"},"content":{"rendered":"<p><strong>\u015eAM<\/strong> &#8211; B\u00fcy\u00fckl\u00fc\u011f\u00fc ve etkisi emsalsiz olan felaketin ve ulusal d\u00fczeyde geride b\u0131rakt\u0131\u011f\u0131 trajedinin yans\u0131malar\u0131yla y\u00fczle\u015fmek i\u00e7in t\u00fcm imkanlar\u0131n seferber edilmesi ba\u011flam\u0131nda, Cumhurba\u015fkan\u0131 Be\u015f\u015far Esad, depremden etkilenenlere mali destek sa\u011flamak ve onaylanm\u0131\u015f standartlara uygun olarak fiziksel, maddi veya manevi zarar\u0131n \u00fcstesinden gelmelerine yard\u0131mc\u0131 olmak amac\u0131yla Ulusal Depremden Etkilenenleri Destekleme Fonu&#8217;nu kuran 2023 tarihli 7 say\u0131l\u0131 Kanun H\u00fckm\u00fcnde Kararnameyi yay\u0131nlad\u0131.<\/p>\n<p>Kararname metni \u015f\u00f6yle:<\/p>\n<p><strong>\/7\/ say\u0131l\u0131 Kanun H\u00fckm\u00fcnde Kararname<\/strong><\/p>\n<p>Cumhurba\u015fkan\u0131<\/p>\n<p>Anayasa h\u00fck\u00fcmlerine binaen<\/p>\n<p>A\u015fa\u011f\u0131da yaz\u0131l\u0131 konularda K.H.kararname yay\u0131nlar:<\/p>\n<p><span style=\"color: #0000ff;\"><strong>Madde 1<\/strong><\/span>&#8211; Bu Kanun H\u00fckm\u00fcnde Kararname h\u00fck\u00fcmlerinin uygulanmas\u0131 ba\u011flam\u0131nda ge\u00e7en a\u015fa\u011f\u0131daki kelime ve ifadeler, her birinin yan\u0131nda belirtilen anlam\u0131 ifade eder:<\/p>\n<p>&#8211; Fon\u00a0\u00a0\u00a0\u00a0\u00a0\u00a0\u00a0\u00a0\u00a0\u00a0\u00a0\u00a0\u00a0\u00a0\u00a0\u00a0\u00a0\u00a0\u00a0\u00a0\u00a0\u00a0\u00a0\u00a0\u00a0\u00a0\u00a0\u00a0\u00a0\u00a0\u00a0\u00a0\u00a0\u00a0\u00a0\u00a0\u00a0\u00a0\u00a0\u00a0\u00a0\u00a0\u00a0\u00a0\u00a0\u00a0\u00a0\u00a0\u00a0\u00a0\u00a0\u00a0\u00a0 : Depremden etkilenenleri destekleyen Ulusal Fon.<\/p>\n<p>&#8211; Y\u00f6netim Kurulu\u00a0\u00a0\u00a0\u00a0\u00a0\u00a0\u00a0\u00a0\u00a0\u00a0\u00a0\u00a0\u00a0\u00a0\u00a0\u00a0\u00a0\u00a0\u00a0\u00a0\u00a0\u00a0\u00a0\u00a0\u00a0\u00a0\u00a0\u00a0\u00a0 : Fonun Y\u00f6netim Kurulunu,<\/p>\n<p>&#8211; Y\u00f6netim Kurulu Ba\u015fkan\u0131\u00a0\u00a0\u00a0\u00a0\u00a0\u00a0\u00a0\u00a0\u00a0\u00a0\u00a0\u00a0\u00a0 : Fonun Y\u00f6netim Kurulu Ba\u015fkan\u0131.<\/p>\n<p>&#8211; Y\u00f6netici: Fon y\u00f6neticisi.<\/p>\n<p>&#8211; Deprem\u00a0\u00a0\u00a0\u00a0\u00a0\u00a0\u00a0\u00a0\u00a0\u00a0\u00a0\u00a0\u00a0\u00a0\u00a0\u00a0\u00a0\u00a0\u00a0\u00a0\u00a0\u00a0\u00a0\u00a0\u00a0\u00a0\u00a0\u00a0\u00a0\u00a0\u00a0\u00a0\u00a0\u00a0\u00a0\u00a0\u00a0\u00a0\u00a0\u00a0\u00a0\u00a0\u00a0\u00a0 : Halep, Lazkiye, Hama ve \u0130dlib vilayetlerinde 6 \u015eubat 2023 tarihinde meydana gelen deprem ve ard\u0131ndan gelen art\u00e7\u0131 sars\u0131nt\u0131lar.<\/p>\n<p>&#8211; Ma\u011fdurlar\u00a0\u00a0\u00a0\u00a0\u00a0\u00a0\u00a0\u00a0\u00a0\u00a0\u00a0\u00a0\u00a0\u00a0\u00a0\u00a0\u00a0\u00a0\u00a0\u00a0\u00a0\u00a0\u00a0\u00a0\u00a0\u00a0\u00a0\u00a0\u00a0\u00a0\u00a0\u00a0\u00a0\u00a0\u00a0\u00a0\u00a0\u00a0\u00a0 : Onaylanan kriterlere g\u00f6re depremin neden oldu\u011fu zararlar i\u00e7in mali destek almaya hak kazanan ki\u015filer.<\/p>\n<p><span style=\"color: #0000ff;\"><strong>Madde 2-<\/strong><\/span> Bakanlar Kurulu Ba\u015fkanl\u0131\u011f\u0131nda, mali a\u00e7\u0131dan ba\u011f\u0131ms\u0131z ve Ba\u015fbakana ba\u011fl\u0131 olarak \u201cDepremden Etkilenenleri Destekleme Ulusal Fonu\u201d ad\u0131 alt\u0131nda bir fon olu\u015fturulur.<\/p>\n<p><span style=\"color: #0000ff;\"><strong>Madde 3<\/strong> <\/span>&#8211; Fon G\u00f6revi:<\/p>\n<p>Depremden etkilenenlere, bu Kanun H\u00fckm\u00fcnde Kararname h\u00fck\u00fcmlerine g\u00f6re onaylanm\u0131\u015f standartlara g\u00f6re, maruz kald\u0131klar\u0131 fiziki, maddi veya manevi zarar\u0131n \u00fcstesinden gelmelerine yard\u0131mc\u0131 olmak i\u00e7in mali destek sa\u011flanmas\u0131.<\/p>\n<p><span style=\"color: #0000ff;\"><strong>Madde 4<\/strong><\/span> &#8211; Fon Finansman\u0131:<\/p>\n<p><strong>A<\/strong>&#8211; Fon i\u00e7in i\u015fletmeci bankalar nezdinde bir veya birden fazla cari hesap a\u00e7\u0131l\u0131r ve fonun mali kaynaklar\u0131 bu hesaba yat\u0131r\u0131l\u0131r.<\/p>\n<p><strong>B<\/strong>&#8211; Fonun mali kaynaklar\u0131 a\u015fa\u011f\u0131daki \u015fekilde belirlenir:<\/p>\n<ol>\n<li>Devletin genel b\u00fct\u00e7esinden fon i\u00e7in yap\u0131lan \u00f6denekler.<\/li>\n<li>Y\u00fcr\u00fcrl\u00fckteki yasa ve y\u00f6netmeliklere uygun olarak \u00fclkeler, kurulu\u015flar, birlikler, birlikler, fonlar, organlar, kurumlar, \u015firketler ve bireyler taraf\u0131ndan yap\u0131lan yerel ve uluslararas\u0131 nitelikteki hibeler, s\u00fcbvansiyonlar, ba\u011f\u0131\u015flar, vasiyetler, ba\u011f\u0131\u015flar ve mali katk\u0131lar.<\/li>\n<li>Fon mevduat\u0131 i\u00e7in banka faizi.<\/li>\n<li>Y\u00fcr\u00fcrl\u00fckteki yasa ve y\u00f6netmeliklere uygun olarak Kurul taraf\u0131ndan onaylanan di\u011fer kaynaklar.<\/li>\n<\/ol>\n<p><strong>C<\/strong>-Fona al\u0131nan mebla\u011flar, Suriye Merkez Bankas\u0131 taraf\u0131ndan yay\u0131nlanan havale ve kambiyo b\u00fcltenine g\u00f6re d\u00f6viz olarak \u00f6denir.<\/p>\n<p><strong>D<\/strong>&#8211; Fonun mali dengesi y\u0131l sonunda bir sonraki y\u0131l i\u00e7in d\u00f6n\u00fc\u015f\u00fcml\u00fc olarak de\u011fi\u015fir.<\/p>\n<p><strong>e<\/strong>&#8211; Nafaka s\u00f6zle\u015fmesini yapan ve sand\u0131\u011f\u0131n tasfiyesine ve tediyesine karar veren meclis ba\u015fkan\u0131 veya yetkilendirdi\u011fi ki\u015fidir.<\/p>\n<p><strong>F<\/strong>&#8211; Fonun, fonlar\u0131n ta\u015f\u0131nmas\u0131na ili\u015fkin prosed\u00fcrleri, h\u00fck\u00fcm ve ko\u015fullar\u0131 ve bunlar\u0131 kulland\u0131rma mekanizmalar\u0131n\u0131 i\u00e7eren bir finans ve muhasebe sistemi olacakt\u0131r.<\/p>\n<p><strong>G<\/strong>&#8211; Fonun hesaplar\u0131, Y\u00f6netim Kurulu taraf\u0131ndan atanan ba\u011f\u0131ms\u0131z d\u0131\u015f denet\u00e7i taraf\u0131ndan mali denetime tabi tutulur.<\/p>\n<p><span style=\"color: #0000ff;\"><strong>Madde 5<\/strong><\/span>&#8211; Muafiyetler:<\/p>\n<p><strong>A<\/strong>&#8211; Fona yap\u0131lan ve Fon&#8217;dan yap\u0131lan para transferi i\u015flemleri her t\u00fcrl\u00fc vergi, mali ve yerel \u00fccret, komisyon, \u00f6denek ve di\u011fer masraflardan muaft\u0131r.<\/p>\n<p><strong>B<\/strong>&#8211; Fona sa\u011flanan her t\u00fcrl\u00fc hibe, s\u00fcbvansiyon, ba\u011f\u0131\u015f, vasiyet, ba\u011f\u0131\u015f ve mali katk\u0131lar vergiye tabi giderlerden olup, ilgili h\u00fck\u00fcmlere ayk\u0131r\u0131 olarak gelir vergisi kanununa g\u00f6re vergiye tabi safi kazan\u00e7tan mahsup edilir. fon taraf\u0131ndan verilen bir mevduat sertifikas\u0131 ile belgelenmi\u015ftir.<\/p>\n<p><strong>C<\/strong>&#8211; Fona ba\u011f\u0131\u015fta bulunan \u00e7e\u015fitli kategorilerden (ger\u00e7ek kazan\u00e7, g\u00f6t\u00fcr\u00fc gelir, turizm i\u015fletmeleri) gelir vergisi m\u00fckellefi, kendisine tabi gelir \u00fczerinden al\u0131nan verginin %10&#8217;u oran\u0131nda vergi indiriminden yararlan\u0131r.<\/p>\n<p><span style=\"color: #0000ff;\"><strong>Madde 6<\/strong><\/span>&#8211; Y\u00f6netim Kurulu:<\/p>\n<p><strong>A<\/strong>&#8211; Y\u00f6netim Kurulu;<\/p>\n<p>&#8211; Ba\u015fbakan &#8211; Ba\u015fkan.<\/p>\n<p>&#8211; Yerel Y\u00f6netim ve \u00c7evre Bakan\u0131 &#8211; \u00dcye ve Ba\u015fkan Yard\u0131mc\u0131s\u0131.<\/p>\n<p>&#8211; Maliye Bakan\u0131 &#8211; \u00dcye.<\/p>\n<p>&#8211; Bay\u0131nd\u0131rl\u0131k ve \u0130skan Bakan\u0131 &#8211; \u00dcye.<\/p>\n<p>&#8211; Bakanlar Kurulu Ba\u015fkanl\u0131\u011f\u0131 Genel Sekreteri &#8211; \u00dcye.<\/p>\n<p>&#8211; Kurul Ba\u015fkan\u0131 taraf\u0131ndan se\u00e7ilecek sivil toplum kurulu\u015flar\u0131ndan, ekonomik akt\u00f6rlerden veya bu alanda uzman olanlardan d\u00f6rt temsilci, \u00fcyeler.<\/p>\n<p>&#8211; Fon Y\u00f6neticisi &#8211; Sekreter ve Raport\u00f6r.<\/p>\n<p><strong>B<\/strong>&#8211; Divan, ba\u015fkan\u0131n daveti \u00fczerine ve l\u00fczum g\u00f6r\u00fcld\u00fck\u00e7e toplan\u0131r.<\/p>\n<p><strong>C<\/strong>&#8211; Kurul toplant\u0131lar\u0131, aralar\u0131nda Divan Ba\u015fkan\u0131&#8217;n\u0131n, yoklu\u011funda vekilinin bulunmas\u0131 \u015fart\u0131yla, \u00fcyelerinin \u00e7o\u011funlu\u011funun haz\u0131r bulunmas\u0131 halinde kanuni say\u0131l\u0131r.<\/p>\n<p><strong>D<\/strong>&#8211; Konsey kararlar\u0131 haz\u0131r bulunanlar\u0131n oy \u00e7oklu\u011fu ile al\u0131n\u0131r ve oylar\u0131n e\u015fit olmas\u0131 halinde Divan Ba\u015fkan\u0131n\u0131n oyu \u00fcst\u00fcn say\u0131l\u0131r.<\/p>\n<p><strong>E<\/strong>&#8211; Y\u00f6netim Kurulu Ba\u015fkan\u0131, uzman ki\u015filer aras\u0131ndan uygun g\u00f6rece\u011fi ki\u015fileri oy hakk\u0131 olmaks\u0131z\u0131n Y\u00f6netim Kurulu toplant\u0131lar\u0131na kat\u0131lmaya davet edebilir.<\/p>\n<p><span style=\"color: #0000ff;\"><strong>Madde 7<\/strong><\/span>&#8211; Konsey a\u015fa\u011f\u0131daki g\u00f6revleri \u00fcstlenir:<\/p>\n<p><strong>A<\/strong>&#8211; Etkilenenlere destek sa\u011flamak i\u00e7in kriterler, ko\u015fullar ve prosed\u00fcrler dahil olmak \u00fczere fon politikas\u0131n\u0131 onaylamak.<\/p>\n<p><strong>B<\/strong>&#8211; Fonun mali ve muhasebe sistemini onaylamak.<\/p>\n<p><strong>C<\/strong>&#8211; Fonun y\u0131ll\u0131k b\u00fct\u00e7esinin onaylanmas\u0131.<\/p>\n<p><strong>d<\/strong>&#8211; Fonun y\u0131ll\u0131k kapan\u0131\u015f hesaplar\u0131n\u0131 ve faaliyet raporunu onaylamak.<\/p>\n<p><strong>E<\/strong> &#8211; Y\u00fcr\u00fcrl\u00fckteki yasa ve y\u00f6netmeliklere uygun olarak hibe, s\u00fcbvansiyon, ba\u011f\u0131\u015f, vasiyet, ba\u011f\u0131\u015f ve mali katk\u0131lar\u0131n kabul\u00fc.<\/p>\n<p><strong><span style=\"color: #0000ff;\">Madde 8<\/span> &#8211;<\/strong> Fon Y\u00f6neticisi:<\/p>\n<p><strong>A<\/strong>&#8211; M\u00fcd\u00fcr, Ba\u015fbakan karar\u0131 ile atan\u0131r ve fonun i\u015flerinin y\u00fcr\u00fct\u00fclmesinden, politikalar\u0131n\u0131n uygulanmas\u0131n\u0131n takip edilmesinden ve \u00e7e\u015fitli mercilerle ileti\u015fim halinde \u00e7al\u0131\u015fmas\u0131n\u0131n koordinasyonundan sorumludur.<\/p>\n<p><strong>B<\/strong>&#8211; M\u00fcd\u00fcr a\u015fa\u011f\u0131daki g\u00f6revleri \u00fcstlenir:<\/p>\n<ul>\n<li>Etkilenenlere destek sa\u011flamak i\u00e7in kriterler, ko\u015fullar ve prosed\u00fcrler dahil olmak \u00fczere Fonun politikas\u0131n\u0131 haz\u0131rlamak.<\/li>\n<li>Fonun mali ve muhasebe sisteminin tasla\u011f\u0131n\u0131n haz\u0131rlanmas\u0131.<\/li>\n<li>Fonun y\u0131ll\u0131k b\u00fct\u00e7e tasla\u011f\u0131n\u0131n haz\u0131rlanmas\u0131.<\/li>\n<li>Fonun y\u0131ll\u0131k kapan\u0131\u015f hesaplar\u0131n\u0131 ve faaliyet raporunu haz\u0131rlamak.<\/li>\n<li>Fonun \u00e7al\u0131\u015fmalar\u0131 ve etkilenenlere sa\u011flad\u0131\u011f\u0131 destek hakk\u0131nda ayl\u0131k raporlar haz\u0131rlamak.<\/li>\n<li>Fonun \u00e7al\u0131\u015fmalar\u0131n\u0131 y\u00fcr\u00fctmek \u00fczere kamu kurumlar\u0131ndan i\u015f\u00e7i g\u00f6revlendirilmesine ili\u015fkin teklif, G\u00f6revlendirme Ba\u015fbakan karar\u0131 ile yap\u0131l\u0131r ve bu ki\u015filerin \u00fccret, tazminat ve di\u011fer t\u00fcm haklar\u0131 asli kamu kurum ve kurulu\u015flar\u0131ndan al\u0131n\u0131r.<\/li>\n<\/ul>\n<p><span style=\"color: #0000ff;\"><strong>Madde 9<\/strong><\/span>&#8211; Bu Kanun H\u00fckm\u00fcnde Kararnamede yer almayan her \u015feyde, Fona idari nitelikteki kamu kurum ve kurulu\u015flar\u0131 hakk\u0131nda y\u00fcr\u00fcrl\u00fckte bulunan kanun ve y\u00f6netmelikler uygulan\u0131r.<\/p>\n<p><span style=\"color: #0000ff;\"><strong>Madde 10<\/strong><\/span> \u2013 Bu Kanun H\u00fckm\u00fcnde Kararname h\u00fck\u00fcmleri yay\u0131m\u0131 tarihinden itibaren \u00fc\u00e7 y\u0131l s\u00fcreyle uygulan\u0131r.<\/p>\n<p><span style=\"color: #0000ff;\"><strong>Madde 11<\/strong><\/span>&#8211; Bu Kanun H\u00fckm\u00fcnde Kararname Resmi Gazetede yay\u0131mlan\u0131r.<\/p>\n<p>&nbsp;<\/p>\n<p>R.M.<\/p>\n<p><a href=\"https:\/\/t.me\/SuriyeArapHaberAjansI\">Telegram Kanal\u0131m\u0131z\u00a0<\/a><\/p>\n<p><a href=\"https:\/\/www.facebook.com\/SANAHaberAjansi\/\">Facebook Sayfam\u0131z<\/a><\/p>\n<p>&nbsp;<\/p>\n","protected":false},"excerpt":{"rendered":"<p>\u015eAM &#8211; B\u00fcy\u00fckl\u00fc\u011f\u00fc ve etkisi emsalsiz olan felaketin ve ulusal d\u00fczeyde geride b\u0131rakt\u0131\u011f\u0131 trajedinin yans\u0131malar\u0131yla y\u00fczle\u015fmek i\u00e7in t\u00fcm imkanlar\u0131n seferber edilmesi ba\u011flam\u0131nda, Cumhurba\u015fkan\u0131 Be\u015f\u015far Esad, depremden etkilenenlere mali destek sa\u011flamak ve onaylanm\u0131\u015f standartlara uygun olarak fiziksel, maddi veya manevi zarar\u0131n \u00fcstesinden gelmelerine yard\u0131mc\u0131 olmak amac\u0131yla Ulusal Depremden Etkilenenleri Destekleme Fonu&#8217;nu kuran 2023 tarihli 7 say\u0131l\u0131 &hellip;<\/p>\n","protected":false},"author":41,"featured_media":279795,"comment_status":"closed","ping_status":"closed","sticky":false,"template":"","format":"standard","meta":{"footnotes":""},"categories":[479,605,17988,612,478],"tags":[38230,17256,38229,19946,16591,38231],"class_list":["post-279794","post","type-post","status-publish","format-standard","has-post-thumbnail","","category-haberler-yerel","category-sayin-cumhurbaskani","category-son-haberler","category-yasama-kararnameler","category-yerel","tag-besar-esad","tag-bessar-el-esad","tag-cumhurbakani-esad","tag-kararname","tag-suriye","tag-suriyenin-cumhurbaskani"],"_links":{"self":[{"href":"https:\/\/archive.sana.sy\/tr\/index.php?rest_route=\/wp\/v2\/posts\/279794","targetHints":{"allow":["GET"]}}],"collection":[{"href":"https:\/\/archive.sana.sy\/tr\/index.php?rest_route=\/wp\/v2\/posts"}],"about":[{"href":"https:\/\/archive.sana.sy\/tr\/index.php?rest_route=\/wp\/v2\/types\/post"}],"author":[{"embeddable":true,"href":"https:\/\/archive.sana.sy\/tr\/index.php?rest_route=\/wp\/v2\/users\/41"}],"replies":[{"embeddable":true,"href":"https:\/\/archive.sana.sy\/tr\/index.php?rest_route=%2Fwp%2Fv2%2Fcomments&post=279794"}],"version-history":[{"count":0,"href":"https:\/\/archive.sana.sy\/tr\/index.php?rest_route=\/wp\/v2\/posts\/279794\/revisions"}],"wp:featuredmedia":[{"embeddable":true,"href":"https:\/\/archive.sana.sy\/tr\/index.php?rest_route=\/wp\/v2\/media\/279795"}],"wp:attachment":[{"href":"https:\/\/archive.sana.sy\/tr\/index.php?rest_route=%2Fwp%2Fv2%2Fmedia&parent=279794"}],"wp:term":[{"taxonomy":"category","embeddable":true,"href":"https:\/\/archive.sana.sy\/tr\/index.php?rest_route=%2Fwp%2Fv2%2Fcategories&post=279794"},{"taxonomy":"post_tag","embeddable":true,"href":"https:\/\/archive.sana.sy\/tr\/index.php?rest_route=%2Fwp%2Fv2%2Ftags&post=279794"}],"curies":[{"name":"wp","href":"https:\/\/api.w.org\/{rel}","templated":true}]}}