{"id":279800,"date":"2023-05-01T16:10:19","date_gmt":"2023-05-01T13:10:19","guid":{"rendered":"http:\/\/sana.sy\/tr\/?p=279800"},"modified":"2023-05-01T16:29:09","modified_gmt":"2023-05-01T13:29:09","slug":"iran-cumhurbaskani-ibrahim-reisi-carsamba-gunu-ust-duzey-bir-siyasi-ve-ekonomik-bakanlar-heyeti-baskanliginda-suriyeye-iki-gunluk-resmi-bir-ziyaret-gerceklestirecek","status":"publish","type":"post","link":"https:\/\/archive.sana.sy\/tr\/?p=279800","title":{"rendered":"\u0130ran Cumhurba\u015fkan\u0131 \u0130brahim Reisi \u00c7ar\u015famba g\u00fcn\u00fc \u00fcst d\u00fczey bir siyasi ve ekonomik bakanlar heyeti ba\u015fkanl\u0131\u011f\u0131nda Suriye&#8217;ye iki g\u00fcnl\u00fck resmi bir ziyaret ger\u00e7ekle\u015ftirecek"},"content":{"rendered":"","protected":false},"excerpt":{"rendered":"","protected":false},"author":41,"featured_media":0,"comment_status":"closed","ping_status":"closed","sticky":false,"template":"","format":"standard","meta":{"footnotes":""},"categories":[1],"tags":[],"class_list":["post-279800","post","type-post","status-publish","format-standard","","category-news-not-sorted"],"_links":{"self":[{"href":"https:\/\/archive.sana.sy\/tr\/index.php?rest_route=\/wp\/v2\/posts\/279800","targetHints":{"allow":["GET"]}}],"collection":[{"href":"https:\/\/archive.sana.sy\/tr\/index.php?rest_route=\/wp\/v2\/posts"}],"about":[{"href":"https:\/\/archive.sana.sy\/tr\/index.php?rest_route=\/wp\/v2\/types\/post"}],"author":[{"embeddable":true,"href":"https:\/\/archive.sana.sy\/tr\/index.php?rest_route=\/wp\/v2\/users\/41"}],"replies":[{"embeddable":true,"href":"https:\/\/archive.sana.sy\/tr\/index.php?rest_route=%2Fwp%2Fv2%2Fcomments&post=279800"}],"version-history":[{"count":0,"href":"https:\/\/archive.sana.sy\/tr\/index.php?rest_route=\/wp\/v2\/posts\/279800\/revisions"}],"wp:attachment":[{"href":"https:\/\/archive.sana.sy\/tr\/index.php?rest_route=%2Fwp%2Fv2%2Fmedia&parent=279800"}],"wp:term":[{"taxonomy":"category","embeddable":true,"href":"https:\/\/archive.sana.sy\/tr\/index.php?rest_route=%2Fwp%2Fv2%2Fcategories&post=279800"},{"taxonomy":"post_tag","embeddable":true,"href":"https:\/\/archive.sana.sy\/tr\/index.php?rest_route=%2Fwp%2Fv2%2Ftags&post=279800"}],"curies":[{"name":"wp","href":"https:\/\/api.w.org\/{rel}","templated":true}]}}