{"id":279803,"date":"2023-05-01T14:31:59","date_gmt":"2023-05-01T11:31:59","guid":{"rendered":"http:\/\/sana.sy\/tr\/?p=279803"},"modified":"2023-05-03T12:41:25","modified_gmt":"2023-05-03T09:41:25","slug":"iran-cumhurbaskani-carsamba-gunu-suriyeye-iki-gunluk-resmi-bir-ziyaret-gerceklestirecek-ve-bu-ziyaret-sirasinda-cumhurbaskani-esad-ile-bir-araya-gelecek","status":"publish","type":"post","link":"https:\/\/archive.sana.sy\/tr\/?p=279803","title":{"rendered":"\u0130ran Cumhurba\u015fkan\u0131, \u00c7ar\u015famba g\u00fcn\u00fc Suriye&#8217;ye \u0130ki g\u00fcnl\u00fck Resmi Bir Ziyaret Ger\u00e7ekle\u015ftirecek Ve Bu Ziyaret S\u0131ras\u0131nda Cumhurba\u015fkan\u0131 Esad \u0130le Bir Araya Gelecek"},"content":{"rendered":"<p><strong>\u015eAM<\/strong> &#8211; \u00d6n\u00fcm\u00fczdeki \u00c7ar\u015famba g\u00fcn\u00fc \u0130ran Cumhurba\u015fkan\u0131 \u0130brahim Reisi, \u00fcst d\u00fczey bir siyasi ve ekonomik bakanl\u0131k heyetinin ba\u015fkanl\u0131\u011f\u0131nda Suriye&#8217;ye iki g\u00fcn s\u00fcrecek resmi bir ziyaret ger\u00e7ekle\u015ftirecek.<\/p>\n<p>Cumhurba\u015fkan\u0131 Reisi, ziyareti s\u0131ras\u0131nda Cumhurba\u015fkan\u0131 Be\u015f\u015far Esad ile bir araya gelecek ve kendisi ile b\u00f6lgedeki olumlu geli\u015fmelerin yan\u0131 s\u0131ra ikili ili\u015fkiler ve ortak siyasi ve ekonomik dosyalar hakk\u0131nda g\u00f6r\u00fc\u015fmelerde bulunacak.<\/p>\n<p>&nbsp;<\/p>\n<p>&nbsp;<\/p>\n<p>R.M.<\/p>\n<p><a href=\"https:\/\/t.me\/SuriyeArapHaberAjansI\">Telegram Kanal\u0131m\u0131z\u00a0<\/a><\/p>\n<p><a href=\"https:\/\/www.facebook.com\/SANAHaberAjansi\/\">Facebook Sayfam\u0131z<\/a><\/p>\n","protected":false},"excerpt":{"rendered":"<p>\u015eAM &#8211; \u00d6n\u00fcm\u00fczdeki \u00c7ar\u015famba g\u00fcn\u00fc \u0130ran Cumhurba\u015fkan\u0131 \u0130brahim Reisi, \u00fcst d\u00fczey bir siyasi ve ekonomik bakanl\u0131k heyetinin ba\u015fkanl\u0131\u011f\u0131nda Suriye&#8217;ye iki g\u00fcn s\u00fcrecek resmi bir ziyaret ger\u00e7ekle\u015ftirecek. Cumhurba\u015fkan\u0131 Reisi, ziyareti s\u0131ras\u0131nda Cumhurba\u015fkan\u0131 Be\u015f\u015far Esad ile bir araya gelecek ve kendisi ile b\u00f6lgedeki olumlu geli\u015fmelerin yan\u0131 s\u0131ra ikili ili\u015fkiler ve ortak siyasi ve ekonomik dosyalar hakk\u0131nda g\u00f6r\u00fc\u015fmelerde &hellip;<\/p>\n","protected":false},"author":41,"featured_media":279804,"comment_status":"closed","ping_status":"closed","sticky":false,"template":"","format":"standard","meta":{"footnotes":""},"categories":[479,17988,478],"tags":[],"class_list":["post-279803","post","type-post","status-publish","format-standard","has-post-thumbnail","","category-haberler-yerel","category-son-haberler","category-yerel"],"_links":{"self":[{"href":"https:\/\/archive.sana.sy\/tr\/index.php?rest_route=\/wp\/v2\/posts\/279803","targetHints":{"allow":["GET"]}}],"collection":[{"href":"https:\/\/archive.sana.sy\/tr\/index.php?rest_route=\/wp\/v2\/posts"}],"about":[{"href":"https:\/\/archive.sana.sy\/tr\/index.php?rest_route=\/wp\/v2\/types\/post"}],"author":[{"embeddable":true,"href":"https:\/\/archive.sana.sy\/tr\/index.php?rest_route=\/wp\/v2\/users\/41"}],"replies":[{"embeddable":true,"href":"https:\/\/archive.sana.sy\/tr\/index.php?rest_route=%2Fwp%2Fv2%2Fcomments&post=279803"}],"version-history":[{"count":0,"href":"https:\/\/archive.sana.sy\/tr\/index.php?rest_route=\/wp\/v2\/posts\/279803\/revisions"}],"wp:featuredmedia":[{"embeddable":true,"href":"https:\/\/archive.sana.sy\/tr\/index.php?rest_route=\/wp\/v2\/media\/279804"}],"wp:attachment":[{"href":"https:\/\/archive.sana.sy\/tr\/index.php?rest_route=%2Fwp%2Fv2%2Fmedia&parent=279803"}],"wp:term":[{"taxonomy":"category","embeddable":true,"href":"https:\/\/archive.sana.sy\/tr\/index.php?rest_route=%2Fwp%2Fv2%2Fcategories&post=279803"},{"taxonomy":"post_tag","embeddable":true,"href":"https:\/\/archive.sana.sy\/tr\/index.php?rest_route=%2Fwp%2Fv2%2Ftags&post=279803"}],"curies":[{"name":"wp","href":"https:\/\/api.w.org\/{rel}","templated":true}]}}