{"id":279808,"date":"2023-05-01T15:35:22","date_gmt":"2023-05-01T12:35:22","guid":{"rendered":"http:\/\/sana.sy\/tr\/?p=279808"},"modified":"2023-05-03T10:22:02","modified_gmt":"2023-05-03T07:22:02","slug":"ammanda-duzenlenen-disisleri-bakanlari-toplantisinin-sonuc-bildirgesi-suriye-ve-kurumlarina-destegini-vurguladi","status":"publish","type":"post","link":"https:\/\/archive.sana.sy\/tr\/?p=279808","title":{"rendered":"D\u0131\u015fi\u015fleri Bakanlar\u0131n\u0131n Sonu\u00e7 A\u00e7\u0131klamas\u0131: Suriye Ve Kurumlar\u0131, Topraklar\u0131 \u00dczerindeki Kontrol\u00fcn\u00fc Geni\u015fletmek \u0130\u00e7in Desteklenmeli"},"content":{"rendered":"<p><strong>AMMAN<\/strong> &#8211; Suriye, \u00dcrd\u00fcn, Suudi Arabistan, M\u0131s\u0131r ve Irak d\u0131\u015fi\u015fleri bakanlar\u0131,\u00a0 bug\u00fcn \u00dcrd\u00fcn&#8217;\u00fcn ba\u015fkenti Amman&#8217;da ger\u00e7ekle\u015fen toplant\u0131n\u0131n ard\u0131ndan sonu\u00e7 a\u00e7\u0131klamas\u0131nda, Suriye ve kurumlar\u0131n\u0131n topraklar\u0131 \u00fczerindeki kontrol\u00fcn\u00fc geni\u015fletmesi, oradaki silahl\u0131 ve ter\u00f6rist gruplar\u0131n varl\u0131\u011f\u0131na son vermesi ve Suriye&#8217;nin i\u00e7 i\u015flerine yabanc\u0131 m\u00fcdahalesini durdurmas\u0131 i\u00e7in deste\u011fini vurgulad\u0131lar.<\/p>\n<p>A\u00e7\u0131klamada bakanlar, s\u0131n\u0131r g\u00fcvenli\u011fi ve ter\u00f6rle m\u00fccadele ile ilgili g\u00fcvenlik sorunlar\u0131n\u0131n ele al\u0131nmas\u0131na y\u00f6nelik kapsaml\u0131 bir stratejinin form\u00fcle edilmesinde Suriye, ilgili \u00fclkeler ve Birle\u015fmi\u015f Milletler aras\u0131ndaki i\u015fbirli\u011finin \u00f6nemini kaydettiler.<\/p>\n<p>Bakanlar ayr\u0131ca, bu toplant\u0131n\u0131n sonu\u00e7lar\u0131n\u0131 takip etmek ve Suriye&#8217;deki krizi \u00e7\u00f6zmeyi ama\u00e7layan bu yol ba\u011flam\u0131nda sonraki ad\u0131mlar\u0131 belirlemek i\u00e7in uzmanlar d\u00fczeyinde teknik bir ekip olu\u015fturma konusunda anla\u015ft\u0131lar.<\/p>\n<p>Toplant\u0131dan yap\u0131lan a\u00e7\u0131klaman\u0131n metni \u015f\u00f6yle:<\/p>\n<p><span style=\"color: #000000;\">\u00dcrd\u00fcn Ha\u015fimi Krall\u0131\u011f\u0131 Ba\u015fbakan Yard\u0131mc\u0131s\u0131 ve D\u0131\u015fi\u015fleri ve Yurt D\u0131\u015f\u0131 \u0130\u015fler Bakan\u0131 Eymen El Safadi&#8217;nin davetlisi olarak, Suudi Arabistan Krall\u0131\u011f\u0131&#8217;n\u0131n ev sahipli\u011finde d\u00fczenlenen toplant\u0131n\u0131n devam\u0131 niteli\u011finde, D\u0131\u015fi\u015fleri Bakan\u0131 Prens Faysal bin Farhan Al Saud&#8217;un K\u00f6rfez Arap \u00dclkeleri \u0130\u015fbirli\u011fi Konseyi, \u00dcrd\u00fcn Ha\u015fimi Krall\u0131\u011f\u0131, Irak Cumhuriyeti ve M\u0131s\u0131r Arap Cumhuriyeti \u00fclkelerinin d\u0131\u015fi\u015fleri bakanlar\u0131na daveti \u00fczerine ve bu \u00fclkelerden bir k\u0131sm\u0131n\u0131n Suriye Arap Cumhuriyeti ile yapt\u0131\u011f\u0131 temaslar\u0131n takibi ve\u00a0 \u00a0Suriye&#8217;deki krizi ad\u0131m ad\u0131m metodolojiye g\u00f6re \u00e7\u00f6zme \u00e7abalar\u0131nda bir Arap liderlik rol\u00fc ba\u015flatmaya dayal\u0131 \u00dcrd\u00fcn giri\u015fimi, Suudi giri\u015fimi ve di\u011fer Arap \u00f6nerileri uyar\u0131nca, \u00dcrd\u00fcn, Suudi Arabistan, Irak ve M\u0131s\u0131r D\u0131\u015fi\u015fleri Bakanlar\u0131 bug\u00fcn, karde\u015f Suriye Arap Cumhuriyeti D\u0131\u015fi\u015fleri ve Gurbet\u00e7iler Bakan\u0131 ile 1 May\u0131s 2023 tarihinde Amman&#8217;da bir araya geldiler.<\/span><\/p>\n<p><span style=\"color: #000000;\">Bu toplant\u0131, G\u00fcvenlik Konseyi&#8217;nin 2254 say\u0131l\u0131 Karar\u0131 do\u011frultusunda Suriye&#8217;deki krizin \u00e7\u00f6z\u00fcm\u00fcne y\u00f6nelik g\u00f6r\u00fc\u015fmelerin s\u00fcrd\u00fcr\u00fclece\u011fi toplant\u0131lar\u0131n ba\u015flang\u0131c\u0131n\u0131 te\u015fkil ediyor ve insani, siyasi ve g\u00fcvenlik krizinin t\u00fcm sonu\u00e7lar\u0131yla ilgilenir.<\/span><\/p>\n<p><span style=\"color: #000000;\">\u00dcrd\u00fcn, Suudi Arabistan, Irak ve M\u0131s\u0131r d\u0131\u015fi\u015fleri bakanlar\u0131, Suriye&#8217;nin birlik, beraberlik ve egemenli\u011fini koruyan, halk\u0131n\u0131n \u00f6zlemlerini kar\u015f\u0131layan, Suriye&#8217;yi ter\u00f6rizmden ar\u0131nd\u0131ran ve m\u00fcltecilerin g\u00f6n\u00fcll\u00fc ve g\u00fcvenli bir \u015fekilde geri d\u00f6n\u00fc\u015f\u00fc i\u00e7in uygun ko\u015fullar\u0131n g\u00fc\u00e7lendirilmesine katk\u0131da bulunacak ve Ulusal uzla\u015fmay\u0131 sa\u011flayacak ve Suriye&#8217;nin g\u00fcvenli\u011fini, istikrar\u0131n\u0131, refah\u0131n\u0131 ve rol\u00fcn\u00fc yeniden tesis edecek \u015fekilde t\u00fcm yasad\u0131\u015f\u0131 yabanc\u0131 g\u00fc\u00e7lerin buradan \u00e7\u0131k\u0131\u015f\u0131na yol a\u00e7acak \u00a0siyasi bir \u00e7\u00f6z\u00fcm yoluyla, krizin ve krizin neden oldu\u011fu \u00f6ld\u00fcrme, y\u0131k\u0131m ve y\u0131k\u0131m, karde\u015f Suriye halk\u0131n\u0131n \u00e7ekti\u011fi ac\u0131lar ve b\u00f6lgesel ve uluslararas\u0131 olumsuz yans\u0131malar\u0131 sona erdirme \u00f6nceli\u011fini kaydettiler.<\/span><\/p>\n<p><span style=\"color: #000000;\">G\u00f6r\u00fc\u015fmede, insani boyutun yan\u0131 s\u0131ra, bir tak\u0131m g\u00fcvenlik ve siyasi konular\u0131n yan\u0131 s\u0131ra, karde\u015f Suriye halk\u0131n\u0131 do\u011frudan etkileyecek \u015fekilde bu sorunu \u00e7\u00f6zme \u00e7abalar\u0131nda ilerleme kaydedilmesi i\u00e7in at\u0131lmas\u0131 gereken ad\u0131mlar ele al\u0131nd\u0131.<\/span><\/p>\n<p><span style=\"color: #000000;\">Bakanlar ve Suriye d\u0131\u015fi\u015fleri bakan\u0131, \u00fczerinde anla\u015fmaya var\u0131lacak bir takvime g\u00f6re ve t\u00fcm uluslararas\u0131 ve di\u011fer ilgili \u00e7abalar\u0131 b\u00fct\u00fcnle\u015ftirecek \u015fekilde devam edecek olan m\u00fczakerelerin g\u00fcndemi \u00fczerinde anla\u015ft\u0131lar:<\/span><\/p>\n<p><span style=\"color: #000000;\">1- \u0130nsani durum<\/span><\/p>\n<p><span style=\"color: #000000;\">2- G\u00fcvenlik durumu<\/span><\/p>\n<p><span style=\"color: #000000;\">3- Siyasi durum<\/span><\/p>\n<p><span style=\"color: #000000;\"><strong>Bakanlar ayr\u0131ca a\u015fa\u011f\u0131daki hususlarda da anla\u015ft\u0131lar:<\/strong><\/span><\/p>\n<p><span style=\"color: #000000;\">&#8211; 2642 ve 2672 say\u0131l\u0131 kararlar da dahil olmak \u00fczere ilgili Birle\u015fmi\u015f Milletler kararlar\u0131na uygun olarak, Suriye h\u00fck\u00fcmeti ve ilgili Birle\u015fmi\u015f Milletler organlar\u0131 aras\u0131nda i\u015fbirli\u011fi ve koordinasyon i\u00e7inde ihtiyac\u0131 olan t\u00fcm Suriye halk\u0131n\u0131n ya\u015famsal ihtiya\u00e7lar\u0131n\u0131n kar\u015f\u0131lanmas\u0131na katk\u0131 sa\u011flayan insani ve t\u0131bbi yard\u0131mlar\u0131n Suriye&#8217;de bulunduklar\u0131 her yere ula\u015ft\u0131r\u0131lmas\u0131, t\u00fcm \u00e7abalar\u0131n birle\u015ftirilmesi ve kar\u015f\u0131lanmas\u0131 gereken bir gerekliliktir.<\/span><\/p>\n<p><span style=\"color: #000000;\">&#8211; Bakanlar, Suriye h\u00fck\u00fcmetinin 6 \u015eubat 2023&#8217;te Suriye&#8217;yi vuran depremin ard\u0131ndan insani ve t\u0131bbi yard\u0131m sa\u011flamak \u00fczere Birle\u015fmi\u015f Milletler&#8217;in Bab al-Salama ve al-Rai kap\u0131lar\u0131n\u0131 a\u00e7ma karar\u0131n\u0131 memnuniyetle kar\u015f\u0131l\u0131yor ve ard\u0131m\u0131n ihtiya\u00e7 sahiplerine ula\u015fmas\u0131n\u0131 sa\u011flamadaki \u00f6nemi \u0131\u015f\u0131\u011f\u0131nda, Suriye h\u00fck\u00fcmetinin bu karar\u0131 uzatmay\u0131 d\u00fc\u015f\u00fcnme karar\u0131ndan duyduklar\u0131 memnuniyeti dile getiriyorlar.<\/span><\/p>\n<p><span style=\"color: #000000;\">&#8211; M\u00fcltecilerin \u00fclkelerine g\u00f6n\u00fcll\u00fc ve g\u00fcvenli bir \u015fekilde d\u00f6n\u00fc\u015fleri en \u00f6nemli \u00f6nceliktir ve bir an \u00f6nce uygulanmaya ba\u015flanmas\u0131 i\u00e7in ad\u0131mlar at\u0131lmal\u0131.<\/span><\/p>\n<p><span style=\"color: #000000;\">&#8211; Belirli prosed\u00fcrlere ve net bir zaman \u00e7er\u00e7evesine g\u00f6re m\u00fclteciler i\u00e7in g\u00f6n\u00fcll\u00fc ve g\u00fcvenli geri d\u00f6n\u00fc\u015fler organize etmek ve \u00e7ektikleri ac\u0131ya son vermek i\u00e7in Suriye h\u00fck\u00fcmeti ile m\u00fcltecilere ev sahipli\u011fi yapan \u00fclkeler aras\u0131ndaki i\u015fbirli\u011finin g\u00fc\u00e7lendirilmeli ve ilgili Birle\u015fmi\u015f Milletler organlar\u0131 ile koordinasyonun\u00a0 sa\u011flanmal\u0131.<\/span><\/p>\n<p><span style=\"color: #000000;\">&#8211; Af kararnamelerinde yer almalar\u0131 da dahil olmak \u00fczere geri d\u00f6n\u00fc\u015flerini kolayla\u015ft\u0131rmak i\u00e7in alaca\u011f\u0131 \u00f6nlemlerin a\u00e7\u0131klanmas\u0131yla birlikte Suriye h\u00fck\u00fcmeti, ilgili Birle\u015fmi\u015f Milletler organlar\u0131 ile koordinasyon halinde, Arap ve uluslararas\u0131 katk\u0131lar\u0131 sa\u011flamay\u0131 d\u00fc\u015f\u00fcnmek amac\u0131yla, m\u00fclteci d\u00f6n\u00fc\u015f\u00fc alanlar\u0131nda sa\u011flanan kamu hizmetlerinin iyile\u015ftirilmesi i\u00e7in gerekli ihtiya\u00e7lar\u0131 belirlemeye ba\u015flayacakt\u0131r.<\/span><\/p>\n<p><span style=\"color: #000000;\">&#8211; Buna okullar, hastaneler ve kamu tesisleri in\u015fa etmek, i\u015f f\u0131rsatlar\u0131 sa\u011flamak ve istikrara katk\u0131da bulunmak dahil olmak \u00fczere g\u00f6n\u00fcll\u00fc olarak Suriye&#8217;ye d\u00f6nmeyi se\u00e7en m\u00fcltecilere insana yak\u0131\u015f\u0131r bir ya\u015fam sa\u011flamak i\u00e7in gerekli altyap\u0131n\u0131n iyile\u015ftirilmesine \u00f6nc\u00fcl\u00fck etme \u015feklinde, m\u00fcltecilerin geri d\u00f6nmesinin beklendi\u011fi alanlar da dahil olmak \u00fczere, erken iyile\u015ftirme projelerinin uygulanmas\u0131n\u0131n h\u0131zland\u0131r\u0131lmas\u0131 i\u00e7in uluslararas\u0131 toplum ve Birle\u015fmi\u015f Milletler ile yap\u0131lan \u00e7al\u0131\u015fmalar\u0131n yo\u011funla\u015ft\u0131r\u0131lmal\u0131.<\/span><\/p>\n<p><span style=\"color: #000000;\">&#8211; Rukban kamp\u0131 sorunu da dahil olmak \u00fczere \u00fclke i\u00e7inde yerinden edilmi\u015f ki\u015filer sorununu \u00e7\u00f6zmek i\u00e7in uygun oldu\u011fu \u015fekilde benzer ad\u0131mlar at\u0131lmal\u0131.<\/span><\/p>\n<p><span style=\"color: #000000;\">&#8211; \u00dcrd\u00fcn&#8217;deki yakla\u015f\u0131k bin Suriyeli m\u00fclteci i\u00e7in g\u00f6n\u00fcll\u00fc geri d\u00f6n\u00fc\u015f s\u00fcrecinin d\u00fczenlenmesinde ilgili Birle\u015fmi\u015f Milletler organlar\u0131yla koordinasyon i\u00e7inde Suriye h\u00fck\u00fcmeti ile \u00dcrd\u00fcn h\u00fck\u00fcmeti aras\u0131ndaki i\u015fbirli\u011fi etkinle\u015ftirilmeli. Suriye h\u00fck\u00fcmeti, geri d\u00f6n\u00fc\u015fleri i\u00e7in gerekli ko\u015ful ve \u015fartlar\u0131n sa\u011flanmas\u0131n\u0131 sa\u011flayacak ve Birle\u015fmi\u015f Milletler kurulu\u015flar\u0131 da onaylanm\u0131\u015f \u00e7al\u0131\u015fma mekanizmalar\u0131na g\u00f6re ve ilgili Birle\u015fmi\u015f Milletler Anla\u015fmas\u0131nda \u00f6ng\u00f6r\u00fclen erken iyile\u015fme s\u00fcreci ba\u011flam\u0131nda ya\u015fam ihtiya\u00e7lar\u0131n\u0131 kar\u015f\u0131layacakt\u0131r. Bu, daha sonraki bir a\u015famada Suriyeli m\u00fcltecilere ev sahipli\u011fi yapan di\u011fer \u00fclkeleri de i\u00e7erecektir.<\/span><\/p>\n<p><span style=\"color: #000000;\">&#8211; Suriye h\u00fck\u00fcmeti ile koordineli olarak t\u00fcm ilgili taraflar ve Uluslararas\u0131 K\u0131z\u0131lha\u00e7 Komitesi gibi uluslararas\u0131 kurulu\u015flarla \u00e7al\u0131\u015f\u0131lan bir yakla\u015f\u0131ma g\u00f6re ka\u00e7\u0131r\u0131lanlar\u0131n ve tutuklular\u0131n de\u011fi\u015fimi ve kay\u0131p ki\u015filerin aranmas\u0131na y\u00f6nelik \u00e7abalar\u0131 ilerletmek i\u00e7in i\u015fbirli\u011fini geli\u015ftirecek.<\/span><\/p>\n<p><span style=\"color: #000000;\">&#8211; G\u00fcvenli\u011fin art\u0131r\u0131lmas\u0131 ve her t\u00fcrl\u00fc ter\u00f6rizmle m\u00fccadele i\u00e7in kapsaml\u0131 bir stratejinin form\u00fcle edilmesinde Suriye h\u00fck\u00fcmeti, ilgili \u00fclkeler ve Birle\u015fmi\u015f Milletler aras\u0131ndaki i\u015fbirli\u011fi \u00a0etkinle\u015ftirilmeli.<\/span><\/p>\n<p><span style=\"color: #000000;\">&#8211; Ter\u00f6r \u00f6rg\u00fctlerinin Suriye topraklar\u0131ndaki varl\u0131\u011f\u0131na son verilmesi ve b\u00f6lgesel ve uluslararas\u0131 g\u00fcvenli\u011fi tehdit etme yeteneklerinin etkisiz hale getirilmeli.<\/span><\/p>\n<p><span style=\"color: #000000;\">&#8211; Topraklar\u0131 \u00fczerindeki kontrol\u00fcn\u00fc geni\u015fletmek, hukukun \u00fcst\u00fcnl\u00fc\u011f\u00fcn\u00fc yerle\u015ftirmek ve Suriye topraklar\u0131ndaki silahl\u0131 ve ter\u00f6rist gruplar\u0131n varl\u0131\u011f\u0131n\u0131 sona erdirmek i\u00e7in her t\u00fcrl\u00fc me\u015fru \u00e7abada Suriye ve kurumlar\u0131n\u0131 desteklemek i\u00e7in \u00e7al\u0131\u015f\u0131lmal\u0131 ve Uluslararas\u0131 hukuk h\u00fck\u00fcmleri ve Birle\u015fmi\u015f Milletler \u015eart\u0131 uyar\u0131nca Suriye&#8217;nin i\u00e7 i\u015flerine yabanc\u0131 m\u00fcdahaleyi durdurulmal\u0131.<\/span><\/p>\n<p><span style=\"color: #000000;\">&#8211; Suriye ile kom\u015fu \u00fclkeler ve kom\u015fu \u00fclkelerle Suriye s\u0131n\u0131r\u0131ndan uyu\u015fturucu ka\u00e7ak\u00e7\u0131l\u0131\u011f\u0131 ve ka\u00e7ak\u00e7\u0131l\u0131\u011f\u0131ndan etkilenen \u00fclkeler aras\u0131ndaki i\u015fbirli\u011finin, Suriye&#8217;nin bu konudaki Arap, ulusal ve uluslararas\u0131 taahh\u00fctleri do\u011frultusunda g\u00fc\u00e7lendirilmeli. Bu ba\u011flamda Suriye, Suriye&#8217;deki uyu\u015fturucu \u00fcretimi ve ka\u00e7ak\u00e7\u0131l\u0131\u011f\u0131n\u0131n kaynaklar\u0131n\u0131 ve \u00a0\u00a0\u00dcrd\u00fcn ve Irak ile s\u0131n\u0131r \u00f6tesi ka\u00e7ak\u00e7\u0131l\u0131k operasyonlar\u0131n\u0131 organize eden, y\u00f6neten ve y\u00fcr\u00fcten taraflar\u0131 belirlemek i\u00e7in bir ay i\u00e7inde iki ayr\u0131 ortak siyasi\/g\u00fcvenlik \u00e7al\u0131\u015fma grubu olu\u015fturmak \u00fczere \u00dcrd\u00fcn ve Irak ile i\u015fbirli\u011fi yapacakt\u0131r. Ka\u00e7ak\u00e7\u0131l\u0131k operasyonlar\u0131n\u0131n sona erdirilmesi ve t\u00fcm b\u00f6lge i\u00e7in artan bu tehlikeye son verilmesi i\u00e7in gerekli ad\u0131mlar at\u0131lmal\u0131.<\/span><\/p>\n<p><span style=\"color: #000000;\">&#8211; Suriye ordusu ve g\u00fcvenlik servisleri ile kom\u015fu \u00fclkelerdeki muadilleri aras\u0131nda etkili koordinasyon mekanizmalar\u0131 kurarak, s\u0131n\u0131r g\u00fcvenli\u011fiyle ilgili g\u00fcvenlik sorunlar\u0131n\u0131 ele almak i\u00e7in etkili ad\u0131mlar \u00fczerinde anla\u015fmaya var\u0131lmal\u0131.<\/span><\/p>\n<p><span style=\"color: #000000;\">&#8211; Kapsaml\u0131 ulusal uzla\u015f\u0131ya ula\u015fmay\u0131 ama\u00e7layan siyasi ad\u0131mlar ba\u011flam\u0131nda, Anayasa Komisyonu&#8217;nun \u00e7al\u0131\u015fmalar\u0131na m\u00fcmk\u00fcn olan en k\u0131sa s\u00fcrede devam etmesi i\u00e7in \u00e7al\u0131\u015f\u0131lmal\u0131.<\/span><\/p>\n<p><span style=\"color: #000000;\">&#8211; Toplant\u0131ya kat\u0131lan \u00fclkelerin karde\u015f \u00fclkeler ve uluslararas\u0131 toplumla birlikte \u00e7al\u0131\u015farak Suriye h\u00fck\u00fcmetinin olumlu ad\u0131mlar\u0131n\u0131 olumlu ad\u0131mlarla kar\u015f\u0131layacak ve \u00a0elde edilenlerin \u00fczerine in\u015fa edilecektir.\u00a0 Karde\u015f Suriye halk\u0131n\u0131n \u0131st\u0131rab\u0131n\u0131 ve Suriye krizinin feci sonu\u00e7lar\u0131n\u0131 sona erdiren siyasi bir \u00e7\u00f6z\u00fcme ula\u015fma y\u00f6n\u00fcnde kademeli ilerlemeli. Ulusal uzla\u015fmay\u0131 sa\u011flar ve Suriye&#8217;yi, Suriye halk\u0131n\u0131n \u00f6zlemlerini ve anavatanlar\u0131nda g\u00fcvenlik ve onur i\u00e7inde ya\u015fama haklar\u0131n\u0131 kar\u015f\u0131layan g\u00fcvenli bir gelece\u011fe do\u011fru yeniden in\u015fa etme yoluna sokar ve Suriye&#8217;nin b\u00f6lgedeki tarihi rol\u00fcn\u00fc geri kazand\u0131r\u0131r.<\/span><\/p>\n<p><span style=\"color: #000000;\">Bakanlar, bu toplant\u0131n\u0131n \u00e7\u0131kt\u0131lar\u0131n\u0131 takip etmek ve Suriye&#8217;deki krizin \u00e7\u00f6z\u00fcm\u00fcn\u00fc ele almak ve t\u00fcm yans\u0131malar\u0131n\u0131 ele almak i\u00e7in bu hedeflenen yol ba\u011flam\u0131nda sonraki ad\u0131mlar\u0131 belirlemek i\u00e7in uzmanlar d\u00fczeyinde bir teknik ekip olu\u015fturma konusunda anla\u015ft\u0131lar.<\/span><\/p>\n<p><span style=\"color: #000000;\">Di\u015fi\u015fleri Bakanlar\u0131, karde\u015f Arap \u00fclkeleri, dost \u00fclkeler ve Birle\u015fmi\u015f Milletler ile temasa ge\u00e7erek, K\u00f6rfez \u0130\u015fbirli\u011fi Konseyi \u00fclkeleri \u00dcrd\u00fcn, Irak ve M\u0131s\u0131r&#8217;\u0131n 14 Nisan 2023&#8217;te Suudi Arabistan&#8217;da yapt\u0131klar\u0131 isti\u015fari toplant\u0131da yap\u0131lmas\u0131 kararla\u015ft\u0131r\u0131lm\u0131\u015f toplant\u0131n\u0131n sonu\u00e7lar\u0131 hakk\u0131nda bilgi verecekler.<\/span><\/p>\n<p><span style=\"color: #000000;\">Bakanlar\u00a0 ayr\u0131ca, s\u0131cak kar\u015f\u0131lama ve ev sahipli\u011fi i\u00e7in \u00dcrd\u00fcn Ha\u015fimi Krall\u0131\u011f\u0131na te\u015fekk\u00fcr ettiler. \u00dcrd\u00fcn, Suudi Arabistan, Irak ve M\u0131s\u0131r D\u0131\u015fi\u015fleri Bakanlar\u0131, Suriye Arap Cumhuriyeti D\u0131\u015fi\u015fleri Bakan\u0131&#8217;n\u0131n toplant\u0131 s\u0131ras\u0131nda sunulan inisiyatifleri ve ad\u0131mlar\u0131 tart\u0131\u015fmaya g\u00f6sterdi\u011fi olumlu kat\u0131l\u0131mdan dolay\u0131 takdirlerini dile getirdiler ve Suriye Arap Cumhuriyeti&#8217;ni krizi sona erdirecek siyasi bir \u00e7\u00f6z\u00fcme ula\u015fmak ve Suriye&#8217;nin ve onurlu halk\u0131n\u0131n ac\u0131s\u0131n\u0131 sona erdirmek i\u00e7in krizin t\u00fcm yans\u0131malar\u0131yla ba\u015fa \u00e7\u0131kmak i\u00e7in ad\u0131mlar\u0131n\u0131 ve prosed\u00fcrlerini s\u00fcrd\u00fcrmeye \u00e7a\u011f\u0131rd\u0131lar.<\/span><\/p>\n<p>&nbsp;<\/p>\n<p>R.M.<\/p>\n<p><a href=\"https:\/\/t.me\/SuriyeArapHaberAjansI\">Telegram Kanal\u0131m\u0131z\u00a0<\/a><\/p>\n<p><a href=\"https:\/\/www.facebook.com\/SANAHaberAjansi\/\">Facebook Sayfam\u0131z<\/a><\/p>\n<p>&nbsp;<\/p>\n","protected":false},"excerpt":{"rendered":"<p>AMMAN &#8211; Suriye, \u00dcrd\u00fcn, Suudi Arabistan, M\u0131s\u0131r ve Irak d\u0131\u015fi\u015fleri bakanlar\u0131,\u00a0 bug\u00fcn \u00dcrd\u00fcn&#8217;\u00fcn ba\u015fkenti Amman&#8217;da ger\u00e7ekle\u015fen toplant\u0131n\u0131n ard\u0131ndan sonu\u00e7 a\u00e7\u0131klamas\u0131nda, Suriye ve kurumlar\u0131n\u0131n topraklar\u0131 \u00fczerindeki kontrol\u00fcn\u00fc geni\u015fletmesi, oradaki silahl\u0131 ve ter\u00f6rist gruplar\u0131n varl\u0131\u011f\u0131na son vermesi ve Suriye&#8217;nin i\u00e7 i\u015flerine yabanc\u0131 m\u00fcdahalesini durdurmas\u0131 i\u00e7in deste\u011fini vurgulad\u0131lar. A\u00e7\u0131klamada bakanlar, s\u0131n\u0131r g\u00fcvenli\u011fi ve ter\u00f6rle m\u00fccadele ile ilgili g\u00fcvenlik &hellip;<\/p>\n","protected":false},"author":41,"featured_media":279809,"comment_status":"closed","ping_status":"closed","sticky":false,"template":"","format":"standard","meta":{"footnotes":""},"categories":[479,17988,478],"tags":[],"class_list":["post-279808","post","type-post","status-publish","format-standard","has-post-thumbnail","","category-haberler-yerel","category-son-haberler","category-yerel"],"_links":{"self":[{"href":"https:\/\/archive.sana.sy\/tr\/index.php?rest_route=\/wp\/v2\/posts\/279808","targetHints":{"allow":["GET"]}}],"collection":[{"href":"https:\/\/archive.sana.sy\/tr\/index.php?rest_route=\/wp\/v2\/posts"}],"about":[{"href":"https:\/\/archive.sana.sy\/tr\/index.php?rest_route=\/wp\/v2\/types\/post"}],"author":[{"embeddable":true,"href":"https:\/\/archive.sana.sy\/tr\/index.php?rest_route=\/wp\/v2\/users\/41"}],"replies":[{"embeddable":true,"href":"https:\/\/archive.sana.sy\/tr\/index.php?rest_route=%2Fwp%2Fv2%2Fcomments&post=279808"}],"version-history":[{"count":0,"href":"https:\/\/archive.sana.sy\/tr\/index.php?rest_route=\/wp\/v2\/posts\/279808\/revisions"}],"wp:featuredmedia":[{"embeddable":true,"href":"https:\/\/archive.sana.sy\/tr\/index.php?rest_route=\/wp\/v2\/media\/279809"}],"wp:attachment":[{"href":"https:\/\/archive.sana.sy\/tr\/index.php?rest_route=%2Fwp%2Fv2%2Fmedia&parent=279808"}],"wp:term":[{"taxonomy":"category","embeddable":true,"href":"https:\/\/archive.sana.sy\/tr\/index.php?rest_route=%2Fwp%2Fv2%2Fcategories&post=279808"},{"taxonomy":"post_tag","embeddable":true,"href":"https:\/\/archive.sana.sy\/tr\/index.php?rest_route=%2Fwp%2Fv2%2Ftags&post=279808"}],"curies":[{"name":"wp","href":"https:\/\/api.w.org\/{rel}","templated":true}]}}