{"id":279816,"date":"2023-05-01T18:02:04","date_gmt":"2023-05-01T15:02:04","guid":{"rendered":"http:\/\/sana.sy\/tr\/?p=279816"},"modified":"2023-05-02T09:10:03","modified_gmt":"2023-05-02T06:10:03","slug":"tunus-disisleri-bakani-suriye-ile-diplomatik-iliskilerin-geri-donusu-her-iki-ulkenin-cikarinadir","status":"publish","type":"post","link":"https:\/\/archive.sana.sy\/tr\/?p=279816","title":{"rendered":"Tunus D\u0131\u015fi\u015fleri Bakan\u0131: Suriye \u0130le Diplomatik \u0130li\u015fkilerin Geri D\u00f6n\u00fc\u015f\u00fc Her \u0130ki \u00dclkenin \u00c7\u0131kar\u0131nad\u0131r"},"content":{"rendered":"<p><strong>TUNUS<\/strong> &#8211; D\u0131\u015fi\u015fleri, G\u00f6\u00e7 ve Yurtd\u0131\u015f\u0131ndaki Tunuslular Bakan\u0131 Nabil Ammar, \u2018\u2019Suriye ile Tunus aras\u0131ndaki diplomatik ili\u015fkilerin geri d\u00f6n\u00fc\u015f\u00fc, normal duruma d\u00f6n\u00fc\u015f anlam\u0131na gelir\u2019\u2019 diyerek, bunun iki karde\u015f \u00fclkenin \u00e7\u0131kar\u0131na oldu\u011funu vurgulad\u0131.<\/p>\n<p>Tunus Haber Ajans\u0131 Watt&#8217;a verdi\u011fi r\u00f6portajda Ammar, g\u00f6reve atand\u0131\u011f\u0131nda Tunus Cumhurba\u015fkan\u0131 Kayis Said&#8217;den ald\u0131\u011f\u0131 ilk talimatlar\u0131n aras\u0131nda Tunus ile Suriye aras\u0131ndaki diplomatik ili\u015fkileri normal d\u00fczeyine getirmek oldu\u011funa dikkat \u00e7ekerek,\u00a0 Suriye&#8217;nin g\u00fc\u00e7l\u00fc ve sa\u011flam ili\u015fkilere sahip oldu\u011fumuz karde\u015f bir \u00fclke oldu\u011funu ve Tunuslular\u0131n Suriyeliler aras\u0131nda \u00f6zel bir stat\u00fcye sahip oldu\u011funu kaydetti.<\/p>\n<p>Tunuslu bakan, \u00fclkesinin yeni Suriye b\u00fcy\u00fckel\u00e7isinin itimatnamelerini ald\u0131\u011f\u0131n\u0131 ve Suriye&#8217;nin \u00e7ok yak\u0131nda Tunus&#8217;a yeni bir b\u00fcy\u00fckel\u00e7i atayaca\u011f\u0131n\u0131 belirtirken, iki \u00fclkenin ortak \u00e7\u0131karlar\u0131n\u0131n korunmas\u0131 ve alanlar\u0131n\u0131n geni\u015fletilmesi gerekti\u011finin alt\u0131n\u0131 \u00e7izdi.<\/p>\n<p>Ammar ayr\u0131ca, \u00a0D\u0131\u015fi\u015fleri ve Gurbet\u00e7iler Bakan\u0131 Dr. Faisal Al-Miqdad&#8217;\u0131n Tunus&#8217;a yapt\u0131\u011f\u0131 son ziyareti tarihi olarak nitelendirdi ve \u00fclkesinin &#8220;di\u011fer \u00fclkelerin i\u00e7 i\u015flerine kar\u0131\u015fmad\u0131\u011f\u0131n\u0131 ve Suriyelilerin gelece\u011finin tamamen Suriye meselesi oldu\u011funa&#8221; dikkat \u00e7ekti.<\/p>\n<p>&nbsp;<\/p>\n<p>R.M.<\/p>\n<p><a href=\"https:\/\/t.me\/SuriyeArapHaberAjansI\">Telegram Kanal\u0131m\u0131z\u00a0<\/a><\/p>\n<p><a href=\"https:\/\/www.facebook.com\/SANAHaberAjansi\/\">Facebook Sayfam\u0131z<\/a><\/p>\n","protected":false},"excerpt":{"rendered":"<p>TUNUS &#8211; D\u0131\u015fi\u015fleri, G\u00f6\u00e7 ve Yurtd\u0131\u015f\u0131ndaki Tunuslular Bakan\u0131 Nabil Ammar, \u2018\u2019Suriye ile Tunus aras\u0131ndaki diplomatik ili\u015fkilerin geri d\u00f6n\u00fc\u015f\u00fc, normal duruma d\u00f6n\u00fc\u015f anlam\u0131na gelir\u2019\u2019 diyerek, bunun iki karde\u015f \u00fclkenin \u00e7\u0131kar\u0131na oldu\u011funu vurgulad\u0131. Tunus Haber Ajans\u0131 Watt&#8217;a verdi\u011fi r\u00f6portajda Ammar, g\u00f6reve atand\u0131\u011f\u0131nda Tunus Cumhurba\u015fkan\u0131 Kayis Said&#8217;den ald\u0131\u011f\u0131 ilk talimatlar\u0131n aras\u0131nda Tunus ile Suriye aras\u0131ndaki diplomatik ili\u015fkileri normal &hellip;<\/p>\n","protected":false},"author":41,"featured_media":279817,"comment_status":"closed","ping_status":"closed","sticky":false,"template":"","format":"standard","meta":{"footnotes":""},"categories":[458,459,17988],"tags":[],"class_list":["post-279816","post","type-post","status-publish","format-standard","has-post-thumbnail","","category-dunya1","category-haberler-arap-uluslararasi-politika","category-son-haberler"],"_links":{"self":[{"href":"https:\/\/archive.sana.sy\/tr\/index.php?rest_route=\/wp\/v2\/posts\/279816","targetHints":{"allow":["GET"]}}],"collection":[{"href":"https:\/\/archive.sana.sy\/tr\/index.php?rest_route=\/wp\/v2\/posts"}],"about":[{"href":"https:\/\/archive.sana.sy\/tr\/index.php?rest_route=\/wp\/v2\/types\/post"}],"author":[{"embeddable":true,"href":"https:\/\/archive.sana.sy\/tr\/index.php?rest_route=\/wp\/v2\/users\/41"}],"replies":[{"embeddable":true,"href":"https:\/\/archive.sana.sy\/tr\/index.php?rest_route=%2Fwp%2Fv2%2Fcomments&post=279816"}],"version-history":[{"count":0,"href":"https:\/\/archive.sana.sy\/tr\/index.php?rest_route=\/wp\/v2\/posts\/279816\/revisions"}],"wp:featuredmedia":[{"embeddable":true,"href":"https:\/\/archive.sana.sy\/tr\/index.php?rest_route=\/wp\/v2\/media\/279817"}],"wp:attachment":[{"href":"https:\/\/archive.sana.sy\/tr\/index.php?rest_route=%2Fwp%2Fv2%2Fmedia&parent=279816"}],"wp:term":[{"taxonomy":"category","embeddable":true,"href":"https:\/\/archive.sana.sy\/tr\/index.php?rest_route=%2Fwp%2Fv2%2Fcategories&post=279816"},{"taxonomy":"post_tag","embeddable":true,"href":"https:\/\/archive.sana.sy\/tr\/index.php?rest_route=%2Fwp%2Fv2%2Ftags&post=279816"}],"curies":[{"name":"wp","href":"https:\/\/api.w.org\/{rel}","templated":true}]}}