{"id":279821,"date":"2023-05-01T19:06:28","date_gmt":"2023-05-01T16:06:28","guid":{"rendered":"http:\/\/sana.sy\/tr\/?p=279821"},"modified":"2023-05-03T12:41:29","modified_gmt":"2023-05-03T09:41:29","slug":"279821","status":"publish","type":"post","link":"https:\/\/archive.sana.sy\/tr\/?p=279821","title":{"rendered":"Suriye-Irak Ortak Komitesinin \u015eam&#8217;daki Onbirinci Oturumunun Toplant\u0131lar\u0131 Ba\u015flad\u0131"},"content":{"rendered":"<p><strong>\u015eAM<\/strong> &#8211; Suriye-Irak ortak komitesinin onbirinci oturumunun toplant\u0131lar\u0131 bug\u00fcn \u015eam&#8217;da ekonomi, ticaret, tar\u0131m, yat\u0131r\u0131m ve e\u011fitim alanlar\u0131nda i\u015f birli\u011fini g\u00f6r\u00fc\u015fmek \u00fczere Ekonomi ve D\u0131\u015f Ticaret Bakan\u0131 Muhammad Samer\u00a0 El Halil ve Irak Ticaret Bakan\u0131 AEsir El Gariri&#8217;nin kat\u0131l\u0131m\u0131yla ba\u015flad\u0131.<\/p>\n<p>&nbsp;<\/p>\n<p>R.M.<\/p>\n<p><a href=\"https:\/\/t.me\/SuriyeArapHaberAjansI\">Telegram Kanal\u0131m\u0131z\u00a0<\/a><\/p>\n<p><a href=\"https:\/\/www.facebook.com\/SANAHaberAjansi\/\">Facebook Sayfam\u0131z<\/a><\/p>\n<p>&nbsp;<\/p>\n","protected":false},"excerpt":{"rendered":"<p>\u015eAM &#8211; Suriye-Irak ortak komitesinin onbirinci oturumunun toplant\u0131lar\u0131 bug\u00fcn \u015eam&#8217;da ekonomi, ticaret, tar\u0131m, yat\u0131r\u0131m ve e\u011fitim alanlar\u0131nda i\u015f birli\u011fini g\u00f6r\u00fc\u015fmek \u00fczere Ekonomi ve D\u0131\u015f Ticaret Bakan\u0131 Muhammad Samer\u00a0 El Halil ve Irak Ticaret Bakan\u0131 AEsir El Gariri&#8217;nin kat\u0131l\u0131m\u0131yla ba\u015flad\u0131. &nbsp; R.M. Telegram Kanal\u0131m\u0131z\u00a0 Facebook Sayfam\u0131z &nbsp;<\/p>\n","protected":false},"author":41,"featured_media":279823,"comment_status":"closed","ping_status":"closed","sticky":false,"template":"","format":"standard","meta":{"footnotes":""},"categories":[485,486,479,17988,478],"tags":[],"class_list":["post-279821","post","type-post","status-publish","format-standard","has-post-thumbnail","","category-is-ve-sermaye","category-haberler-is-ve-sermaye","category-haberler-yerel","category-son-haberler","category-yerel"],"_links":{"self":[{"href":"https:\/\/archive.sana.sy\/tr\/index.php?rest_route=\/wp\/v2\/posts\/279821","targetHints":{"allow":["GET"]}}],"collection":[{"href":"https:\/\/archive.sana.sy\/tr\/index.php?rest_route=\/wp\/v2\/posts"}],"about":[{"href":"https:\/\/archive.sana.sy\/tr\/index.php?rest_route=\/wp\/v2\/types\/post"}],"author":[{"embeddable":true,"href":"https:\/\/archive.sana.sy\/tr\/index.php?rest_route=\/wp\/v2\/users\/41"}],"replies":[{"embeddable":true,"href":"https:\/\/archive.sana.sy\/tr\/index.php?rest_route=%2Fwp%2Fv2%2Fcomments&post=279821"}],"version-history":[{"count":0,"href":"https:\/\/archive.sana.sy\/tr\/index.php?rest_route=\/wp\/v2\/posts\/279821\/revisions"}],"wp:featuredmedia":[{"embeddable":true,"href":"https:\/\/archive.sana.sy\/tr\/index.php?rest_route=\/wp\/v2\/media\/279823"}],"wp:attachment":[{"href":"https:\/\/archive.sana.sy\/tr\/index.php?rest_route=%2Fwp%2Fv2%2Fmedia&parent=279821"}],"wp:term":[{"taxonomy":"category","embeddable":true,"href":"https:\/\/archive.sana.sy\/tr\/index.php?rest_route=%2Fwp%2Fv2%2Fcategories&post=279821"},{"taxonomy":"post_tag","embeddable":true,"href":"https:\/\/archive.sana.sy\/tr\/index.php?rest_route=%2Fwp%2Fv2%2Ftags&post=279821"}],"curies":[{"name":"wp","href":"https:\/\/api.w.org\/{rel}","templated":true}]}}