{"id":279828,"date":"2023-05-01T14:00:11","date_gmt":"2023-05-01T11:00:11","guid":{"rendered":"http:\/\/sana.sy\/tr\/?p=279828"},"modified":"2023-05-02T09:09:59","modified_gmt":"2023-05-02T06:09:59","slug":"rus-hava-savunma-sistemleri-kirimin-batisinda-ukraynaya-ait-bir-ihayi-dusurdu","status":"publish","type":"post","link":"https:\/\/archive.sana.sy\/tr\/?p=279828","title":{"rendered":"Rus Hava Savunma Sistemleri, K\u0131r\u0131m&#8217;\u0131n Bat\u0131s\u0131nda Ukrayna&#8217;ya Ait bir \u0130HA\u2019yi D\u00fc\u015f\u00fcrd\u00fc"},"content":{"rendered":"<p><strong>MOSKOVA<\/strong> &#8211; Rusya K\u0131r\u0131m Cumhuriyeti Devlet Ba\u015fkan\u0131 Sergei Aksyonov, Karadeniz Filosu ve Rus hava savunma sistemlerinin Sivastopol kenti \u00fczerinde insans\u0131z hava ara\u00e7lar\u0131yla Ukrayna hava sald\u0131r\u0131s\u0131n\u0131 p\u00fcsk\u00fcrtt\u00fc\u011f\u00fcn\u00fc duyurdu.<\/p>\n<p>TASS haber ajans\u0131 Aksionov&#8217;un, \u2018\u2019Filo kuvvetleri, hava savunmas\u0131yla birlikte, Ukrayna insans\u0131z hava ara\u00e7lar\u0131n\u0131n Sivastopol&#8217;daki d\u0131\u015f liman\u0131 hedef alan sald\u0131r\u0131s\u0131n\u0131 p\u00fcsk\u00fcrtt\u00fc ve bunlardan biri d\u00fc\u015f\u00fcr\u00fcld\u00fc.\u2019\u2019\u00a0 ifadelerini aktard\u0131.<\/p>\n<p>Aksionov, belediye servislerinin alarma ge\u00e7ti\u011fini ve olas\u0131 hasarlar\u0131 tespit etmeye ba\u015flad\u0131\u011f\u0131n\u0131 kaydetti.<\/p>\n<p>&nbsp;<\/p>\n<p>R.M.<\/p>\n<p><a href=\"https:\/\/t.me\/SuriyeArapHaberAjansI\">Telegram Kanal\u0131m\u0131z\u00a0<\/a><\/p>\n<p><a href=\"https:\/\/www.facebook.com\/SANAHaberAjansi\/\">Facebook Sayfam\u0131z<\/a><\/p>\n","protected":false},"excerpt":{"rendered":"<p>MOSKOVA &#8211; Rusya K\u0131r\u0131m Cumhuriyeti Devlet Ba\u015fkan\u0131 Sergei Aksyonov, Karadeniz Filosu ve Rus hava savunma sistemlerinin Sivastopol kenti \u00fczerinde insans\u0131z hava ara\u00e7lar\u0131yla Ukrayna hava sald\u0131r\u0131s\u0131n\u0131 p\u00fcsk\u00fcrtt\u00fc\u011f\u00fcn\u00fc duyurdu. TASS haber ajans\u0131 Aksionov&#8217;un, \u2018\u2019Filo kuvvetleri, hava savunmas\u0131yla birlikte, Ukrayna insans\u0131z hava ara\u00e7lar\u0131n\u0131n Sivastopol&#8217;daki d\u0131\u015f liman\u0131 hedef alan sald\u0131r\u0131s\u0131n\u0131 p\u00fcsk\u00fcrtt\u00fc ve bunlardan biri d\u00fc\u015f\u00fcr\u00fcld\u00fc.\u2019\u2019\u00a0 ifadelerini aktard\u0131. Aksionov, belediye &hellip;<\/p>\n","protected":false},"author":41,"featured_media":279829,"comment_status":"closed","ping_status":"closed","sticky":false,"template":"","format":"standard","meta":{"footnotes":""},"categories":[458,459,17988],"tags":[],"class_list":["post-279828","post","type-post","status-publish","format-standard","has-post-thumbnail","","category-dunya1","category-haberler-arap-uluslararasi-politika","category-son-haberler"],"_links":{"self":[{"href":"https:\/\/archive.sana.sy\/tr\/index.php?rest_route=\/wp\/v2\/posts\/279828","targetHints":{"allow":["GET"]}}],"collection":[{"href":"https:\/\/archive.sana.sy\/tr\/index.php?rest_route=\/wp\/v2\/posts"}],"about":[{"href":"https:\/\/archive.sana.sy\/tr\/index.php?rest_route=\/wp\/v2\/types\/post"}],"author":[{"embeddable":true,"href":"https:\/\/archive.sana.sy\/tr\/index.php?rest_route=\/wp\/v2\/users\/41"}],"replies":[{"embeddable":true,"href":"https:\/\/archive.sana.sy\/tr\/index.php?rest_route=%2Fwp%2Fv2%2Fcomments&post=279828"}],"version-history":[{"count":0,"href":"https:\/\/archive.sana.sy\/tr\/index.php?rest_route=\/wp\/v2\/posts\/279828\/revisions"}],"wp:featuredmedia":[{"embeddable":true,"href":"https:\/\/archive.sana.sy\/tr\/index.php?rest_route=\/wp\/v2\/media\/279829"}],"wp:attachment":[{"href":"https:\/\/archive.sana.sy\/tr\/index.php?rest_route=%2Fwp%2Fv2%2Fmedia&parent=279828"}],"wp:term":[{"taxonomy":"category","embeddable":true,"href":"https:\/\/archive.sana.sy\/tr\/index.php?rest_route=%2Fwp%2Fv2%2Fcategories&post=279828"},{"taxonomy":"post_tag","embeddable":true,"href":"https:\/\/archive.sana.sy\/tr\/index.php?rest_route=%2Fwp%2Fv2%2Ftags&post=279828"}],"curies":[{"name":"wp","href":"https:\/\/api.w.org\/{rel}","templated":true}]}}