{"id":279836,"date":"2023-05-01T23:04:03","date_gmt":"2023-05-01T20:04:03","guid":{"rendered":"https:\/\/sana.sy\/tr\/?p=279836"},"modified":"2023-05-03T12:41:35","modified_gmt":"2023-05-03T09:41:35","slug":"israil-saldirganligi-nedeniyle-askeri-sehit-dustu-ve-halep-uluslararasi-havalimani-hizmet-disi-kaldi","status":"publish","type":"post","link":"https:\/\/archive.sana.sy\/tr\/?p=279836","title":{"rendered":"\u0130srail Sald\u0131rganl\u0131\u011f\u0131 Nedeniyle Bir Asker \u015eehit D\u00fc\u015ft\u00fc Ve Halep Uluslararas\u0131 Havaliman\u0131 Hizmet D\u0131\u015f\u0131 Kald\u0131"},"content":{"rendered":"<p>HALEP \u2013 \u0130srail&#8217;in Halep kenti \u00e7evresini hedef alan sald\u0131r\u0131s\u0131nda bir asker \u015fehit d\u00fc\u015ft\u00fc, 5 asker ve 2 sivil yaraland\u0131, ayr\u0131ca Halep Uluslararas\u0131 Havaliman\u0131&#8217;n\u0131n da hizmet d\u0131\u015f\u0131 kalmas\u0131na yol a\u00e7t\u0131.<\/p>\n<p>Bir askeri kaynak SANA&#8217;ya, &#8220;bu ak\u015fam saat 11:35 sular\u0131nda, D\u00fc\u015fman \u0130srail, Halep&#8217;in g\u00fcneydo\u011fusundan Halep Uluslararas\u0131 Havaalan\u0131&#8217;n\u0131 ve Halep \u00e7evresindeki baz\u0131 noktalar\u0131 hedef alan \u00e7ok say\u0131da f\u00fczeyle hava sald\u0131r\u0131s\u0131 d\u00fczenledi&#8221; dedi.<\/p>\n<p>Kaynak, &#8220;Sald\u0131r\u0131n\u0131n, bir askerin \u015fehit d\u00fc\u015fmesine, 5 ki\u015finin ve iki sivilin de yaralanmas\u0131na ve baz\u0131 maddi kay\u0131plara ve Halep Uluslararas\u0131 Havaliman\u0131&#8217;n\u0131n hizmet d\u0131\u015f\u0131 kalmas\u0131na yol a\u00e7t\u0131&#8221; da s\u00f6zlerine ekledi.<\/p>\n<p><a href=\"https:\/\/t.me\/SuriyeArapHaberAjansI\">Telegram Kanal\u0131m\u0131z\u00a0<\/a><\/p>\n<p><a href=\"https:\/\/www.facebook.com\/SANAHaberAjansi\/\">Facebook Sayfam\u0131z<\/a><\/p>\n","protected":false},"excerpt":{"rendered":"<p>HALEP \u2013 \u0130srail&#8217;in Halep kenti \u00e7evresini hedef alan sald\u0131r\u0131s\u0131nda bir asker \u015fehit d\u00fc\u015ft\u00fc, 5 asker ve 2 sivil yaraland\u0131, ayr\u0131ca Halep Uluslararas\u0131 Havaliman\u0131&#8217;n\u0131n da hizmet d\u0131\u015f\u0131 kalmas\u0131na yol a\u00e7t\u0131. Bir askeri kaynak SANA&#8217;ya, &#8220;bu ak\u015fam saat 11:35 sular\u0131nda, D\u00fc\u015fman \u0130srail, Halep&#8217;in g\u00fcneydo\u011fusundan Halep Uluslararas\u0131 Havaalan\u0131&#8217;n\u0131 ve Halep \u00e7evresindeki baz\u0131 noktalar\u0131 hedef alan \u00e7ok say\u0131da f\u00fczeyle &hellip;<\/p>\n","protected":false},"author":39,"featured_media":279837,"comment_status":"closed","ping_status":"closed","sticky":false,"template":"","format":"standard","meta":{"footnotes":""},"categories":[479,575,17988,478],"tags":[],"class_list":["post-279836","post","type-post","status-publish","format-standard","has-post-thumbnail","","category-haberler-yerel","category-olaylar-ve-gercekler","category-son-haberler","category-yerel"],"_links":{"self":[{"href":"https:\/\/archive.sana.sy\/tr\/index.php?rest_route=\/wp\/v2\/posts\/279836","targetHints":{"allow":["GET"]}}],"collection":[{"href":"https:\/\/archive.sana.sy\/tr\/index.php?rest_route=\/wp\/v2\/posts"}],"about":[{"href":"https:\/\/archive.sana.sy\/tr\/index.php?rest_route=\/wp\/v2\/types\/post"}],"author":[{"embeddable":true,"href":"https:\/\/archive.sana.sy\/tr\/index.php?rest_route=\/wp\/v2\/users\/39"}],"replies":[{"embeddable":true,"href":"https:\/\/archive.sana.sy\/tr\/index.php?rest_route=%2Fwp%2Fv2%2Fcomments&post=279836"}],"version-history":[{"count":0,"href":"https:\/\/archive.sana.sy\/tr\/index.php?rest_route=\/wp\/v2\/posts\/279836\/revisions"}],"wp:featuredmedia":[{"embeddable":true,"href":"https:\/\/archive.sana.sy\/tr\/index.php?rest_route=\/wp\/v2\/media\/279837"}],"wp:attachment":[{"href":"https:\/\/archive.sana.sy\/tr\/index.php?rest_route=%2Fwp%2Fv2%2Fmedia&parent=279836"}],"wp:term":[{"taxonomy":"category","embeddable":true,"href":"https:\/\/archive.sana.sy\/tr\/index.php?rest_route=%2Fwp%2Fv2%2Fcategories&post=279836"},{"taxonomy":"post_tag","embeddable":true,"href":"https:\/\/archive.sana.sy\/tr\/index.php?rest_route=%2Fwp%2Fv2%2Ftags&post=279836"}],"curies":[{"name":"wp","href":"https:\/\/api.w.org\/{rel}","templated":true}]}}