{"id":279900,"date":"2023-05-02T23:30:38","date_gmt":"2023-05-02T20:30:38","guid":{"rendered":"https:\/\/sana.sy\/tr\/?p=279900"},"modified":"2023-05-04T08:17:58","modified_gmt":"2023-05-04T05:17:58","slug":"suriye-guvenlik-konseyini-israilin-suriye-topraklarina-yonelik-tekrarlanan-saldirilarina-son-vermesini-talep-etti","status":"publish","type":"post","link":"https:\/\/archive.sana.sy\/tr\/?p=279900","title":{"rendered":"Suriye, G\u00fcvenlik Konseyi&#8217;ni \u0130srail\u2019in Suriye Topraklar\u0131na Y\u00f6nelik Tekrarlanan Sald\u0131r\u0131lar\u0131na Son Vermesini Talep Etti"},"content":{"rendered":"<p><strong>\u015eAM<\/strong> \u2013 Suriye, sald\u0131rgan \u0130srail politikalar\u0131n\u0131n b\u00f6lgenin kartlar\u0131n\u0131 kar\u0131\u015ft\u0131rmaya y\u00f6nelik sefil bir giri\u015fimden ba\u015fka bir \u015fey olmad\u0131\u011f\u0131n\u0131 ve b\u00f6lgeye g\u00fcvenlik ve istikrar\u0131 geri getirmeyi ama\u00e7layan s\u00fcregelen diplomatik hareketi aksatt\u0131\u011f\u0131n\u0131 vurgulayarak, ABD y\u00f6netimi taraf\u0131ndan kendisine sa\u011flanan dokunulmazl\u0131k ve cezas\u0131zl\u0131k \u015femsiyesi olmasayd\u0131 \u0130srail&#8217;in Suriye halk\u0131na kar\u015f\u0131 i\u015fledi\u011fi su\u00e7lara devam etmeyece\u011fini kaydetti.<\/p>\n<p>D\u0131\u015fi\u015fleri ve Gurbet\u00e7iler Bakanl\u0131\u011f\u0131 yapt\u0131\u011f\u0131 a\u00e7\u0131klamada: &#8220;A\u015f\u0131r\u0131l\u0131k yanl\u0131s\u0131 \u0130srail h\u00fck\u00fcmetindeki sava\u015f paral\u0131 askerleri, ileriye do\u011fru ka\u00e7ma, i\u00e7 krizlerini ihra\u00e7 etme giri\u015fimlerini s\u00fcrd\u00fcr\u00fcyor, i\u015fgal g\u00f6zalt\u0131 merkezlerindeki tutuklulara kar\u015f\u0131 i\u015fledikleri su\u00e7lar\u0131n ve \u0130\u015fgal alt\u0131ndaki Suriye Golan&#8217;daki halk\u0131m\u0131z\u0131n ve i\u015fgal edilen Filistin topraklar\u0131ndaki karde\u015flerimizin sebatlar\u0131 kar\u015f\u0131s\u0131nda acizliklerini \u00f6rtbas etmeye devam ederek, durumu alevlendirmeye devam ederek ve su\u00e7lar i\u015fleyerek ve uluslararas\u0131 hukuku ve Birle\u015fmi\u015f Milletler \u015eart\u0131 h\u00fck\u00fcmlerini a\u011f\u0131r \u015fekilde ihlal ederek, ayr\u0131ca \u0130srail i\u015fgal g\u00fc\u00e7leri 1 May\u0131s saat 23:35 s\u0131ralar\u0131nda Halep kenti \u00e7evresini hedef alan sald\u0131r\u0131s\u0131nda bir asker \u015fehit d\u00fc\u015ft\u00fc, 5 asker ve 2 sivil yaraland\u0131, Halep Uluslararas\u0131 Havaliman\u0131\u2019n\u0131n da hizmet d\u0131\u015f\u0131 kalmas\u0131na yol a\u00e7t\u0131&#8221; dedi.<\/p>\n<p>D\u0131\u015fi\u015fleri Bakanl\u0131\u011f\u0131, bu sald\u0131rganl\u0131\u011f\u0131n, \u0130srail&#8217;in \u015eam ve Halep&#8217;in uluslararas\u0131 havaalanlar\u0131, Lazkiye&#8217;nin ticari liman\u0131 ve bilim ve k\u00fclt\u00fcr merkezleri dahil olmak \u00fczere hayati sivil tesislere y\u00f6nelik bir dizi sald\u0131r\u0131s\u0131n\u0131n par\u00e7as\u0131 oldu\u011funu ve \u0130srail&#8217;in su\u00e7lar\u0131na devam etmeyece\u011fini belirterek, (\u0130srail)&#8217;in, Amerikan y\u00f6netimi taraf\u0131ndan kendisine sa\u011flanan cezas\u0131zl\u0131k ve dokunulmazl\u0131k \u015femsiyesi olmasayd\u0131, Suriye halk\u0131na kar\u015f\u0131 i\u015fledi\u011fi su\u00e7lara devam etmeyece\u011fini, uluslararas\u0131 hukuk ilkelerini, \u015fart h\u00fck\u00fcmlerini ve uluslararas\u0131 me\u015fruiyete ili\u015fkin t\u00fcm kararlar\u0131 hi\u00e7e sayd\u0131\u011f\u0131n\u0131 s\u00f6yledi<\/p>\n<p>D\u0131\u015fi\u015fleri Bakanl\u0131\u011f\u0131 a\u00e7\u0131klamas\u0131n\u0131 \u015fu s\u00f6zlerle tamamlad\u0131: Suriye, \u0130srail&#8217;in bu ter\u00f6r sald\u0131r\u0131s\u0131n\u0131 en g\u00fc\u00e7l\u00fc \u015fekilde k\u0131n\u0131yor ve bu sald\u0131r\u0131larda \u0131srar edilmesi konusunda uyar\u0131da bulunuyor, Birle\u015fmi\u015f Milletler Sekreterli\u011fi ve G\u00fcvenlik Konseyi&#8217;ne sessizliklerini bozma, \u015eart kapsam\u0131ndaki sorumluluklar\u0131n\u0131 yerine getirme, \u0130srail&#8217;in sald\u0131rgan politikalar\u0131na son verme, faillerden hesap sorma ve tekrarlanmamas\u0131n\u0131 sa\u011flama \u00e7a\u011fr\u0131s\u0131n\u0131 yineledi.<\/p>\n<p><a href=\"https:\/\/t.me\/SuriyeArapHaberAjansI\">Telegram Kanal\u0131m\u0131z\u00a0<\/a><\/p>\n<p><a href=\"https:\/\/www.facebook.com\/SANAHaberAjansi\/\">Facebook Sayfam\u0131z<\/a><\/p>\n","protected":false},"excerpt":{"rendered":"<p>\u015eAM \u2013 Suriye, sald\u0131rgan \u0130srail politikalar\u0131n\u0131n b\u00f6lgenin kartlar\u0131n\u0131 kar\u0131\u015ft\u0131rmaya y\u00f6nelik sefil bir giri\u015fimden ba\u015fka bir \u015fey olmad\u0131\u011f\u0131n\u0131 ve b\u00f6lgeye g\u00fcvenlik ve istikrar\u0131 geri getirmeyi ama\u00e7layan s\u00fcregelen diplomatik hareketi aksatt\u0131\u011f\u0131n\u0131 vurgulayarak, ABD y\u00f6netimi taraf\u0131ndan kendisine sa\u011flanan dokunulmazl\u0131k ve cezas\u0131zl\u0131k \u015femsiyesi olmasayd\u0131 \u0130srail&#8217;in Suriye halk\u0131na kar\u015f\u0131 i\u015fledi\u011fi su\u00e7lara devam etmeyece\u011fini kaydetti. D\u0131\u015fi\u015fleri ve Gurbet\u00e7iler Bakanl\u0131\u011f\u0131 yapt\u0131\u011f\u0131 a\u00e7\u0131klamada: &hellip;<\/p>\n","protected":false},"author":39,"featured_media":279901,"comment_status":"closed","ping_status":"closed","sticky":false,"template":"","format":"standard","meta":{"footnotes":""},"categories":[479,17988,478],"tags":[],"class_list":["post-279900","post","type-post","status-publish","format-standard","has-post-thumbnail","","category-haberler-yerel","category-son-haberler","category-yerel"],"_links":{"self":[{"href":"https:\/\/archive.sana.sy\/tr\/index.php?rest_route=\/wp\/v2\/posts\/279900","targetHints":{"allow":["GET"]}}],"collection":[{"href":"https:\/\/archive.sana.sy\/tr\/index.php?rest_route=\/wp\/v2\/posts"}],"about":[{"href":"https:\/\/archive.sana.sy\/tr\/index.php?rest_route=\/wp\/v2\/types\/post"}],"author":[{"embeddable":true,"href":"https:\/\/archive.sana.sy\/tr\/index.php?rest_route=\/wp\/v2\/users\/39"}],"replies":[{"embeddable":true,"href":"https:\/\/archive.sana.sy\/tr\/index.php?rest_route=%2Fwp%2Fv2%2Fcomments&post=279900"}],"version-history":[{"count":0,"href":"https:\/\/archive.sana.sy\/tr\/index.php?rest_route=\/wp\/v2\/posts\/279900\/revisions"}],"wp:featuredmedia":[{"embeddable":true,"href":"https:\/\/archive.sana.sy\/tr\/index.php?rest_route=\/wp\/v2\/media\/279901"}],"wp:attachment":[{"href":"https:\/\/archive.sana.sy\/tr\/index.php?rest_route=%2Fwp%2Fv2%2Fmedia&parent=279900"}],"wp:term":[{"taxonomy":"category","embeddable":true,"href":"https:\/\/archive.sana.sy\/tr\/index.php?rest_route=%2Fwp%2Fv2%2Fcategories&post=279900"},{"taxonomy":"post_tag","embeddable":true,"href":"https:\/\/archive.sana.sy\/tr\/index.php?rest_route=%2Fwp%2Fv2%2Ftags&post=279900"}],"curies":[{"name":"wp","href":"https:\/\/api.w.org\/{rel}","templated":true}]}}