{"id":279911,"date":"2023-05-03T11:32:36","date_gmt":"2023-05-03T08:32:36","guid":{"rendered":"https:\/\/sana.sy\/tr\/?p=279911"},"modified":"2023-05-03T12:06:40","modified_gmt":"2023-05-03T09:06:40","slug":"cumhurbaskani-bessar-esad-iran-cumhurbaskani-ibrahim-reisiyi-kabul-edererk-iran-cumhurbaskani-icin-halk-sarayina-gelisinde-iran-islam-cumhuriyeti-ve-suriye-arap-cumhuriyetinin-milli-marslarini","status":"publish","type":"post","link":"https:\/\/archive.sana.sy\/tr\/?p=279911","title":{"rendered":"Cumhurba\u015fkan\u0131 Be\u015f\u015far Esad, \u0130ran Cumhurba\u015fkan\u0131 \u0130brahim Reisi&#8217;yi kabul edererk, \u0130ran Cumhurba\u015fkan\u0131 i\u00e7in Halk Saray\u0131&#8217;na geli\u015finde \u0130ran \u0130slam Cumhuriyeti ve Suriye Arap Cumhuriyeti&#8217;nin milli mar\u015flar\u0131n\u0131n okunmas\u0131yla resmi kabul t\u00f6reni d\u00fczenlendi. Ard\u0131ndan \u015feref k\u0131tas\u0131 selamland\u0131  ve Ba\u015fkanlar Be\u015f\u015far Esad ve \u0130brahim Reisi iki resmi delegasyonun \u00fcyeleriyle el s\u0131k\u0131\u015ft\u0131."},"content":{"rendered":"","protected":false},"excerpt":{"rendered":"","protected":false},"author":39,"featured_media":0,"comment_status":"closed","ping_status":"closed","sticky":false,"template":"","format":"standard","meta":{"footnotes":""},"categories":[1],"tags":[],"class_list":["post-279911","post","type-post","status-publish","format-standard","","category-news-not-sorted"],"_links":{"self":[{"href":"https:\/\/archive.sana.sy\/tr\/index.php?rest_route=\/wp\/v2\/posts\/279911","targetHints":{"allow":["GET"]}}],"collection":[{"href":"https:\/\/archive.sana.sy\/tr\/index.php?rest_route=\/wp\/v2\/posts"}],"about":[{"href":"https:\/\/archive.sana.sy\/tr\/index.php?rest_route=\/wp\/v2\/types\/post"}],"author":[{"embeddable":true,"href":"https:\/\/archive.sana.sy\/tr\/index.php?rest_route=\/wp\/v2\/users\/39"}],"replies":[{"embeddable":true,"href":"https:\/\/archive.sana.sy\/tr\/index.php?rest_route=%2Fwp%2Fv2%2Fcomments&post=279911"}],"version-history":[{"count":0,"href":"https:\/\/archive.sana.sy\/tr\/index.php?rest_route=\/wp\/v2\/posts\/279911\/revisions"}],"wp:attachment":[{"href":"https:\/\/archive.sana.sy\/tr\/index.php?rest_route=%2Fwp%2Fv2%2Fmedia&parent=279911"}],"wp:term":[{"taxonomy":"category","embeddable":true,"href":"https:\/\/archive.sana.sy\/tr\/index.php?rest_route=%2Fwp%2Fv2%2Fcategories&post=279911"},{"taxonomy":"post_tag","embeddable":true,"href":"https:\/\/archive.sana.sy\/tr\/index.php?rest_route=%2Fwp%2Fv2%2Ftags&post=279911"}],"curies":[{"name":"wp","href":"https:\/\/api.w.org\/{rel}","templated":true}]}}