{"id":279914,"date":"2023-05-03T12:07:36","date_gmt":"2023-05-03T09:07:36","guid":{"rendered":"https:\/\/sana.sy\/tr\/?p=279914"},"modified":"2023-05-04T08:18:08","modified_gmt":"2023-05-04T05:18:08","slug":"idlibdeki-kizilay-subesi-han-seyhunda-bir-saglik-ocagi-acti","status":"publish","type":"post","link":"https:\/\/archive.sana.sy\/tr\/?p=279914","title":{"rendered":"\u0130dlib&#8217;deki K\u0131z\u0131lay \u015eubesi, Han \u015eeyhun&#8217;da Bir Sa\u011fl\u0131k Oca\u011f\u0131 A\u00e7t\u0131"},"content":{"rendered":"<p><strong>HAMA<\/strong> \u2013 Suriye Arap K\u0131z\u0131lay\u0131&#8217;n\u0131n \u0130dlib vilayetindeki Han \u015eeyhun kentindeki \u015fubesi, \u0130dlib&#8217;in Kurtar\u0131lm\u0131\u015f k\u0131rsal\u0131ndeki insanlara hizmet vermek i\u00e7in bir sa\u011fl\u0131k oca\u011f\u0131 a\u00e7t\u0131.<\/p>\n<p>K\u0131z\u0131lay \u0130dlib \u015eube Ba\u015fkan\u0131 Muhammed Vati, SANA muhabirine yapt\u0131\u011f\u0131 a\u00e7\u0131klamada: \u201cDanimarka K\u0131z\u0131l Ha\u00e7\u0131&#8217;n\u0131n deste\u011fiyle a\u00e7\u0131lan klinik, kad\u0131n ve \u00e7ocuk olmak \u00fczere \u00fc\u00e7 dahili klinik arac\u0131l\u0131\u011f\u0131yla her ya\u015ftan vatanda\u015fa \u00fccretsiz t\u0131bbi hizmet sunarken, gerekli ila\u00e7lar\u0131 \u00fccretsiz olarak sa\u011flayacak\u201d dedi.<\/p>\n<p>Muhammed Vati, K\u0131z\u0131lay&#8217;\u0131n \u0130dlib&#8217;in kurtar\u0131lm\u0131\u015f k\u0131rsal b\u00f6lgelerinde halka \u00fccretsiz sa\u011fl\u0131k hizmeti sunmak i\u00e7in dola\u015fan d\u00f6rt gezici ekibinin yan\u0131 s\u0131ra iki mobil klini\u011fe ve iki sabit klini\u011fe sahip oldu\u011funu belirtirken, \u015fubenin kurtar\u0131lm\u0131\u015f k\u0131rsalda y\u00fcr\u00fct\u00fclen t\u00fcm a\u015f\u0131 kampanyalar\u0131na kat\u0131ld\u0131\u011f\u0131na i\u015faret etti.<\/p>\n<div id='gallery-1' class='gallery galleryid-279914 gallery-columns-2 gallery-size-full'><figure class='gallery-item'>\n\t\t\t<div class='gallery-icon landscape'>\n\t\t\t\t<a href='https:\/\/archive.sana.sy\/tr\/wp-content\/uploads\/2023\/05\/1-4.jpg'><img loading=\"lazy\" decoding=\"async\" width=\"660\" height=\"403\" src=\"https:\/\/archive.sana.sy\/tr\/wp-content\/uploads\/2023\/05\/1-4.jpg\" class=\"attachment-full size-full\" alt=\"\" srcset=\"https:\/\/archive.sana.sy\/tr\/wp-content\/uploads\/2023\/05\/1-4.jpg 660w, https:\/\/archive.sana.sy\/tr\/wp-content\/uploads\/2023\/05\/1-4-300x183.jpg 300w\" sizes=\"auto, (max-width: 660px) 100vw, 660px\" \/><\/a>\n\t\t\t<\/div><\/figure><figure class='gallery-item'>\n\t\t\t<div class='gallery-icon landscape'>\n\t\t\t\t<a href='https:\/\/archive.sana.sy\/tr\/wp-content\/uploads\/2023\/05\/11-3.jpg'><img loading=\"lazy\" decoding=\"async\" width=\"660\" height=\"371\" src=\"https:\/\/archive.sana.sy\/tr\/wp-content\/uploads\/2023\/05\/11-3.jpg\" class=\"attachment-full size-full\" alt=\"\" srcset=\"https:\/\/archive.sana.sy\/tr\/wp-content\/uploads\/2023\/05\/11-3.jpg 660w, https:\/\/archive.sana.sy\/tr\/wp-content\/uploads\/2023\/05\/11-3-300x169.jpg 300w\" sizes=\"auto, (max-width: 660px) 100vw, 660px\" \/><\/a>\n\t\t\t<\/div><\/figure>\n\t\t<\/div>\n\n<p><a href=\"https:\/\/t.me\/SuriyeArapHaberAjansI\">Telegram Kanal\u0131m\u0131z\u00a0<\/a><\/p>\n<p><a href=\"https:\/\/www.facebook.com\/SANAHaberAjansi\/\">Facebook Sayfam\u0131z<\/a><\/p>\n","protected":false},"excerpt":{"rendered":"<p>HAMA \u2013 Suriye Arap K\u0131z\u0131lay\u0131&#8217;n\u0131n \u0130dlib vilayetindeki Han \u015eeyhun kentindeki \u015fubesi, \u0130dlib&#8217;in Kurtar\u0131lm\u0131\u015f k\u0131rsal\u0131ndeki insanlara hizmet vermek i\u00e7in bir sa\u011fl\u0131k oca\u011f\u0131 a\u00e7t\u0131. K\u0131z\u0131lay \u0130dlib \u015eube Ba\u015fkan\u0131 Muhammed Vati, SANA muhabirine yapt\u0131\u011f\u0131 a\u00e7\u0131klamada: \u201cDanimarka K\u0131z\u0131l Ha\u00e7\u0131&#8217;n\u0131n deste\u011fiyle a\u00e7\u0131lan klinik, kad\u0131n ve \u00e7ocuk olmak \u00fczere \u00fc\u00e7 dahili klinik arac\u0131l\u0131\u011f\u0131yla her ya\u015ftan vatanda\u015fa \u00fccretsiz t\u0131bbi hizmet sunarken, gerekli &hellip;<\/p>\n","protected":false},"author":39,"featured_media":279915,"comment_status":"closed","ping_status":"closed","sticky":false,"template":"","format":"standard","meta":{"footnotes":""},"categories":[479,575,17988,478],"tags":[],"class_list":["post-279914","post","type-post","status-publish","format-standard","has-post-thumbnail","","category-haberler-yerel","category-olaylar-ve-gercekler","category-son-haberler","category-yerel"],"_links":{"self":[{"href":"https:\/\/archive.sana.sy\/tr\/index.php?rest_route=\/wp\/v2\/posts\/279914","targetHints":{"allow":["GET"]}}],"collection":[{"href":"https:\/\/archive.sana.sy\/tr\/index.php?rest_route=\/wp\/v2\/posts"}],"about":[{"href":"https:\/\/archive.sana.sy\/tr\/index.php?rest_route=\/wp\/v2\/types\/post"}],"author":[{"embeddable":true,"href":"https:\/\/archive.sana.sy\/tr\/index.php?rest_route=\/wp\/v2\/users\/39"}],"replies":[{"embeddable":true,"href":"https:\/\/archive.sana.sy\/tr\/index.php?rest_route=%2Fwp%2Fv2%2Fcomments&post=279914"}],"version-history":[{"count":0,"href":"https:\/\/archive.sana.sy\/tr\/index.php?rest_route=\/wp\/v2\/posts\/279914\/revisions"}],"wp:featuredmedia":[{"embeddable":true,"href":"https:\/\/archive.sana.sy\/tr\/index.php?rest_route=\/wp\/v2\/media\/279915"}],"wp:attachment":[{"href":"https:\/\/archive.sana.sy\/tr\/index.php?rest_route=%2Fwp%2Fv2%2Fmedia&parent=279914"}],"wp:term":[{"taxonomy":"category","embeddable":true,"href":"https:\/\/archive.sana.sy\/tr\/index.php?rest_route=%2Fwp%2Fv2%2Fcategories&post=279914"},{"taxonomy":"post_tag","embeddable":true,"href":"https:\/\/archive.sana.sy\/tr\/index.php?rest_route=%2Fwp%2Fv2%2Ftags&post=279914"}],"curies":[{"name":"wp","href":"https:\/\/api.w.org\/{rel}","templated":true}]}}