{"id":279975,"date":"2023-05-03T10:00:40","date_gmt":"2023-05-03T07:00:40","guid":{"rendered":"https:\/\/sana.sy\/tr\/?p=279975"},"modified":"2023-05-04T08:18:02","modified_gmt":"2023-05-04T05:18:02","slug":"ayn-el-sultan-kampinda-isgal-guclerinin-kursunlariyla-2-filistinli-yaralandi","status":"publish","type":"post","link":"https:\/\/archive.sana.sy\/tr\/?p=279975","title":{"rendered":"Ayn El Sultan kamp\u0131nda \u0130\u015fgal G\u00fc\u00e7lerinin Kur\u015funlar\u0131yla 2 Filistinli yaraland\u0131"},"content":{"rendered":"<p>\u0130\u015eGAL ED\u0130LEN KUD\u00dcS \u2013 \u0130srail i\u015fgal g\u00fc\u00e7lerinin Bat\u0131 Yaka&#8217;daki Eriha&#8217;n\u0131n kuzeyindeki Ayn El Sultan kamp\u0131na d\u00fczenledi\u011fi bask\u0131nda iki Filistinli kur\u015funlanarak yaraland\u0131.<\/p>\n<p>WAFA Haber Ajans\u0131, i\u015fgal g\u00fc\u00e7lerinin kampa bask\u0131n d\u00fczenleyerek kur\u015fun ve zehirli gaz ate\u015fleyerek sald\u0131rd\u0131\u011f\u0131n\u0131 belirtirken, bunun iki Filistinlinin yaralanmas\u0131na neden oldu\u011funa i\u015faret etti.<\/p>\n<p><a href=\"https:\/\/t.me\/SuriyeArapHaberAjansI\">Telegram Kanal\u0131m\u0131z\u00a0<\/a><\/p>\n<p><a href=\"https:\/\/www.facebook.com\/SANAHaberAjansi\/\">Facebook Sayfam\u0131z<\/a><\/p>\n<p>&nbsp;<\/p>\n","protected":false},"excerpt":{"rendered":"<p>\u0130\u015eGAL ED\u0130LEN KUD\u00dcS \u2013 \u0130srail i\u015fgal g\u00fc\u00e7lerinin Bat\u0131 Yaka&#8217;daki Eriha&#8217;n\u0131n kuzeyindeki Ayn El Sultan kamp\u0131na d\u00fczenledi\u011fi bask\u0131nda iki Filistinli kur\u015funlanarak yaraland\u0131. WAFA Haber Ajans\u0131, i\u015fgal g\u00fc\u00e7lerinin kampa bask\u0131n d\u00fczenleyerek kur\u015fun ve zehirli gaz ate\u015fleyerek sald\u0131rd\u0131\u011f\u0131n\u0131 belirtirken, bunun iki Filistinlinin yaralanmas\u0131na neden oldu\u011funa i\u015faret etti. Telegram Kanal\u0131m\u0131z\u00a0 Facebook Sayfam\u0131z &nbsp;<\/p>\n","protected":false},"author":39,"featured_media":279976,"comment_status":"closed","ping_status":"closed","sticky":false,"template":"","format":"standard","meta":{"footnotes":""},"categories":[458,459,17988],"tags":[],"class_list":["post-279975","post","type-post","status-publish","format-standard","has-post-thumbnail","","category-dunya1","category-haberler-arap-uluslararasi-politika","category-son-haberler"],"_links":{"self":[{"href":"https:\/\/archive.sana.sy\/tr\/index.php?rest_route=\/wp\/v2\/posts\/279975","targetHints":{"allow":["GET"]}}],"collection":[{"href":"https:\/\/archive.sana.sy\/tr\/index.php?rest_route=\/wp\/v2\/posts"}],"about":[{"href":"https:\/\/archive.sana.sy\/tr\/index.php?rest_route=\/wp\/v2\/types\/post"}],"author":[{"embeddable":true,"href":"https:\/\/archive.sana.sy\/tr\/index.php?rest_route=\/wp\/v2\/users\/39"}],"replies":[{"embeddable":true,"href":"https:\/\/archive.sana.sy\/tr\/index.php?rest_route=%2Fwp%2Fv2%2Fcomments&post=279975"}],"version-history":[{"count":0,"href":"https:\/\/archive.sana.sy\/tr\/index.php?rest_route=\/wp\/v2\/posts\/279975\/revisions"}],"wp:featuredmedia":[{"embeddable":true,"href":"https:\/\/archive.sana.sy\/tr\/index.php?rest_route=\/wp\/v2\/media\/279976"}],"wp:attachment":[{"href":"https:\/\/archive.sana.sy\/tr\/index.php?rest_route=%2Fwp%2Fv2%2Fmedia&parent=279975"}],"wp:term":[{"taxonomy":"category","embeddable":true,"href":"https:\/\/archive.sana.sy\/tr\/index.php?rest_route=%2Fwp%2Fv2%2Fcategories&post=279975"},{"taxonomy":"post_tag","embeddable":true,"href":"https:\/\/archive.sana.sy\/tr\/index.php?rest_route=%2Fwp%2Fv2%2Ftags&post=279975"}],"curies":[{"name":"wp","href":"https:\/\/api.w.org\/{rel}","templated":true}]}}