{"id":2801,"date":"2014-06-11T14:17:51","date_gmt":"2014-06-11T11:17:51","guid":{"rendered":"http:\/\/sanasyria.org\/tr\/?p=2801"},"modified":"2014-06-11T14:33:24","modified_gmt":"2014-06-11T11:33:24","slug":"gurbetciler-anavatan-ve-liderine-sevgilerini-ifade-ediyor","status":"publish","type":"post","link":"https:\/\/archive.sana.sy\/tr\/?p=2801","title":{"rendered":"Gurbet\u00e7iler Anavatan ve Liderine Sevgilerini \u0130fade Ediyor"},"content":{"rendered":"<p>KARAKAS \u2013 Venez\u00fcella\u2019da ya\u015fayan gurbet\u00e7ilerimiz anavatanlar\u0131 Suriye&#8217;ye sevgi ve ba\u011fl\u0131l\u0131klar\u0131n\u0131 ifade ederken, Be\u015f\u015far el Esad\u2019\u0131n cumhurba\u015fkanl\u0131\u011f\u0131 se\u00e7imlerini kazanmas\u0131n\u0131 ba\u015fkent Karakas\u2019ta d\u00fczenledikleri bir araba g\u00f6sterisiyle kutlad\u0131lar.<\/p>\n<p>Ba\u015fkent Karakas\u2019\u0131n cadde ve meydanlar\u0131n\u0131 ara\u00e7 konvoylar\u0131yla dola\u015fan gurbet\u00e7ilerimiz yurtsever t\u00fcrk\u00fcler ve mar\u015flar e\u015fli\u011finde el Esad ve Suriye ordusu ad\u0131na sloganlar att\u0131lar. Gurbet\u00e7iler sloganlar\u0131nda ter\u00f6r gruplar\u0131 ve onlar\u0131 destekleyen rejimleri k\u0131narken Suriye halk\u0131n\u0131n d\u00fcnyadaki h\u00fcr insanlar\u0131n deste\u011fi ile ter\u00f6r ve destek\u00e7ilerini b\u00fcy\u00fck bir hezimete u\u011fratacaklar\u0131n\u0131 vurgulad\u0131lar.<\/p>\n<p>Gurbet\u00e7ilerimiz ayn\u0131 zamanda Lara, Jarakoa, San Felipe ve Margarita Adas\u0131nda da muhtelif t\u00fcr etkinlikler d\u00fczenleyerek el Esad\u2019\u0131n se\u00e7imleri kazanmas\u0131n\u0131 kutlad\u0131lar.<\/p>\n<p>Gurbet\u00e7ilerimiz ayn\u0131 zamanda Lara, Jarakoa, San Felipe ve Margarita Adas\u0131nda da muhtelif t\u00fcr etkinlikler d\u00fczenleyerek el Esad\u2019\u0131n se\u00e7imleri kazanmas\u0131n\u0131 kutlad\u0131lar.<\/p>\n<div style=\"width: 618px;\" class=\"wp-video\"><!--[if lt IE 9]><script>document.createElement('video');<\/script><![endif]-->\n<video class=\"wp-video-shortcode\" id=\"video-2801-1\" width=\"618\" height=\"348\" preload=\"metadata\" controls=\"controls\"><source type=\"video\/x-flv\" src=\"http:\/\/sanasyria.org\/tr\/wp-content\/uploads\/2014\/06\/20140611-034717_h549614.flv?_=1\" \/><a href=\"http:\/\/sanasyria.org\/tr\/wp-content\/uploads\/2014\/06\/20140611-034717_h549614.flv\">http:\/\/sanasyria.org\/tr\/wp-content\/uploads\/2014\/06\/20140611-034717_h549614.flv<\/a><\/video><\/div>\n<p><a href=\"http:\/\/sanasyria.org\/tr\/wp-content\/uploads\/2014\/06\/venz\u00fc-2.jpg\"><img loading=\"lazy\" decoding=\"async\" class=\"aligncenter wp-image-2803 size-full\" src=\"http:\/\/sanasyria.org\/tr\/wp-content\/uploads\/2014\/06\/venz\u00fc-2.jpg\" alt=\"venz\u00fc 2\" width=\"620\" height=\"330\" srcset=\"https:\/\/archive.sana.sy\/tr\/wp-content\/uploads\/2014\/06\/venz\u00fc-2.jpg 620w, https:\/\/archive.sana.sy\/tr\/wp-content\/uploads\/2014\/06\/venz\u00fc-2-150x79.jpg 150w, https:\/\/archive.sana.sy\/tr\/wp-content\/uploads\/2014\/06\/venz\u00fc-2-300x160.jpg 300w\" sizes=\"auto, (max-width: 620px) 100vw, 620px\" \/><\/a><\/p>\n","protected":false},"excerpt":{"rendered":"<p>KARAKAS \u2013 Venez\u00fcella\u2019da ya\u015fayan gurbet\u00e7ilerimiz anavatanlar\u0131 Suriye&#8217;ye sevgi ve ba\u011fl\u0131l\u0131klar\u0131n\u0131 ifade ederken, Be\u015f\u015far el Esad\u2019\u0131n cumhurba\u015fkanl\u0131\u011f\u0131 se\u00e7imlerini kazanmas\u0131n\u0131 ba\u015fkent Karakas\u2019ta d\u00fczenledikleri bir araba g\u00f6sterisiyle kutlad\u0131lar. Ba\u015fkent Karakas\u2019\u0131n cadde ve meydanlar\u0131n\u0131 ara\u00e7 konvoylar\u0131yla dola\u015fan gurbet\u00e7ilerimiz yurtsever t\u00fcrk\u00fcler ve mar\u015flar e\u015fli\u011finde el Esad ve Suriye ordusu ad\u0131na sloganlar att\u0131lar. Gurbet\u00e7iler sloganlar\u0131nda ter\u00f6r gruplar\u0131 ve onlar\u0131 destekleyen rejimleri &hellip;<\/p>\n","protected":false},"author":1,"featured_media":2802,"comment_status":"closed","ping_status":"closed","sticky":false,"template":"","format":"standard","meta":{"footnotes":""},"categories":[458,459],"tags":[629],"class_list":["post-2801","post","type-post","status-publish","format-standard","has-post-thumbnail","","category-dunya1","category-haberler-arap-uluslararasi-politika","tag-gurbetciler-anavatan-ve-liderine-sevgilerini-ifade-ediyor"],"_links":{"self":[{"href":"https:\/\/archive.sana.sy\/tr\/index.php?rest_route=\/wp\/v2\/posts\/2801","targetHints":{"allow":["GET"]}}],"collection":[{"href":"https:\/\/archive.sana.sy\/tr\/index.php?rest_route=\/wp\/v2\/posts"}],"about":[{"href":"https:\/\/archive.sana.sy\/tr\/index.php?rest_route=\/wp\/v2\/types\/post"}],"author":[{"embeddable":true,"href":"https:\/\/archive.sana.sy\/tr\/index.php?rest_route=\/wp\/v2\/users\/1"}],"replies":[{"embeddable":true,"href":"https:\/\/archive.sana.sy\/tr\/index.php?rest_route=%2Fwp%2Fv2%2Fcomments&post=2801"}],"version-history":[{"count":0,"href":"https:\/\/archive.sana.sy\/tr\/index.php?rest_route=\/wp\/v2\/posts\/2801\/revisions"}],"wp:featuredmedia":[{"embeddable":true,"href":"https:\/\/archive.sana.sy\/tr\/index.php?rest_route=\/wp\/v2\/media\/2802"}],"wp:attachment":[{"href":"https:\/\/archive.sana.sy\/tr\/index.php?rest_route=%2Fwp%2Fv2%2Fmedia&parent=2801"}],"wp:term":[{"taxonomy":"category","embeddable":true,"href":"https:\/\/archive.sana.sy\/tr\/index.php?rest_route=%2Fwp%2Fv2%2Fcategories&post=2801"},{"taxonomy":"post_tag","embeddable":true,"href":"https:\/\/archive.sana.sy\/tr\/index.php?rest_route=%2Fwp%2Fv2%2Ftags&post=2801"}],"curies":[{"name":"wp","href":"https:\/\/api.w.org\/{rel}","templated":true}]}}