{"id":280199,"date":"2023-05-06T18:04:37","date_gmt":"2023-05-06T15:04:37","guid":{"rendered":"http:\/\/sana.sy\/tr\/?p=280199"},"modified":"2023-05-08T08:44:07","modified_gmt":"2023-05-08T05:44:07","slug":"cumhurbaskani-esadin-direktifleri-dogrultusunda-tumgeneral-ibrahim-sehitler-gunu-munasebetiyle-sehit-yarali-ve-kayip-isleri-mudurlugunu-ziyaret-etti","status":"publish","type":"post","link":"https:\/\/archive.sana.sy\/tr\/?p=280199","title":{"rendered":"Cumhurba\u015fkan\u0131 Esad&#8217;\u0131n Direktifleri Do\u011frultusunda, T\u00fcmgeneral \u0130brahim, \u015eehitler G\u00fcn\u00fc M\u00fcnasebetiyle \u015eehit, Yaral\u0131 ve Kay\u0131p \u0130\u015fleri M\u00fcd\u00fcrl\u00fc\u011f\u00fc\u2019n\u00fc Ziyaret Etti (V\u0130DEO)"},"content":{"rendered":"<p><strong>\u015eAM &#8211; <\/strong>Cumhurba\u015fkan\u0131, Ordu ve Silahl\u0131 Kuvvetler Ba\u015fkomutan\u0131 Korgeneral Be\u015f\u015far Esad&#8217;\u0131n direktifleri do\u011frultusunda ve \u015eehitler G\u00fcn\u00fc m\u00fcnasebetiyle, Kara ve Silahl\u0131 Kuvvetler Genelkurmay Ba\u015fkan\u0131 T\u00fcmgeneral Abdulkerim Mahmud \u0130brahim, beraberindekilerle birlikte \u015eehit, Yaral\u0131 ve Kay\u0131p \u0130\u015fleri M\u00fcd\u00fcrl\u00fc\u011f\u00fc&#8217;nde incelemelerde bulundu.\u00a0 T\u00fcmgeneral <img loading=\"lazy\" decoding=\"async\" class=\"size-full wp-image-280201 alignright\" src=\"http:\/\/sana.sy\/tr\/wp-content\/uploads\/2023\/05\/1-7.jpg\" alt=\"\" width=\"300\" height=\"200\" \/>\u0130brahim ziyaretinin esnas\u0131nda\u00a0 m\u00fcd\u00fcrl\u00fc\u011f\u00fcn i\u015f ak\u0131\u015f mekanizmas\u0131 ve \u015fehit ailelerine, sava\u015f yaral\u0131lar\u0131 ve kay\u0131plara sundu\u011fu hizmetler hakk\u0131nda bilgi verildi.<\/p>\n<p>T\u00fcmgeneral \u0130brahim, m\u00fcd\u00fcrl\u00fc\u011f\u00fcn daire ve \u015fubelerini gezerek, m\u00fcfetti\u015flerin ihtiya\u00e7 duydu\u011fu belge ve evraklar\u0131n temin edilmesini sa\u011flayan tek pencereden valiliklerdeki \u015fube ve dairelerin a\u011f kurma mekanizmas\u0131 hakk\u0131nda bilgi ald\u0131 ve \u00e7al\u0131\u015fma sistemi ve verilen hizmetlerin niteli\u011fine ili\u015fkin m\u00fcd\u00fcrl\u00fckte g\u00f6rev yapan personelden a\u00e7\u0131klama dinledi ve \u015fehit, yaral\u0131 ve kay\u0131plar\u0131n haklar\u0131n\u0131n g\u00fcvence alt\u0131na al\u0131nmas\u0131 i\u00e7in yap\u0131lan \u00e7al\u0131\u015fmalar\u0131 \u00f6vd\u00fc.<\/p>\n<p>Bir dizi denet\u00e7iyle de g\u00f6r\u00fc\u015fen T\u00fcmgeneral \u0130brahim, \u015fehit aileleri, yaral\u0131lar ve kay\u0131plara y\u00f6nelik bak\u0131m ve hizmetlerin d\u00fczeyi hakk\u0131nda bilgi ald\u0131. Gezinin ard\u0131ndan ilgililer ve m\u00fcd\u00fcrl\u00fck \u00e7al\u0131\u015fanlar\u0131 ile bir araya geldi ve denet\u00e7ilerin kar\u015f\u0131la\u015fabilecekleri engelleri ele almak ve gerekli hizmet ve kolayl\u0131klar\u0131 sa\u011flamak amac\u0131yla \u00f6zenli takip ve do\u011frudan denetimin \u00f6nemini vurgulad\u0131.<\/p>\n<p>T\u00fcmgeneral \u0130brahim, \u00e7al\u0131\u015fma sisteminin geli\u015ftirilmesi ve verilen hizmetlerin kalitesinin art\u0131r\u0131lmas\u0131 gere\u011fini vurgulayarak, Suriye halk\u0131n\u0131n iradesi, ordusunun kararl\u0131l\u0131\u011f\u0131 ve liderli\u011finin bilgeli\u011fi ile ter\u00f6re kar\u015f\u0131 nihai ve kesin zafere ula\u015fana kadar sebat ve ba\u015far\u0131lar yolunda devam edece\u011fini kaydetti.<\/p>\n<p><img loading=\"lazy\" decoding=\"async\" class=\"size-full wp-image-280202 alignright\" src=\"http:\/\/sana.sy\/tr\/wp-content\/uploads\/2023\/05\/2-6.jpg\" alt=\"\" width=\"300\" height=\"195\" \/>Ard\u0131ndan Genelkurmay Ba\u015fkan\u0131 \u015fehit k\u0131zlar\u0131n\u0131n ve o\u011fullar\u0131n\u0131n okullar\u0131na giderek, \u015fehit evlatlar\u0131na ve k\u0131zlar\u0131na yap\u0131lan hizmet ve ilgiyi, vatan\u0131 ileri ta\u015f\u0131yacak bir nesil yeti\u015ftirmede \u00fcstlendikleri rol\u00fc g\u00f6revlilerle g\u00f6r\u00fc\u015ferek onlardan \u00f6\u011frendi.<\/p>\n<p>T\u00fcmgeneral \u0130brahim ayr\u0131ca okullardaki amir, i\u015f\u00e7i ve \u00f6\u011fretim elemanlar\u0131ndan verdikleri hizmetlerle ilgili kapsaml\u0131 a\u00e7\u0131klamalar\u0131 dinledi, tesisleri gezerek teknik a\u00e7\u0131dan haz\u0131r olup olmad\u0131klar\u0131n\u0131 ve e\u011fitim s\u00fcrecinin gereklerini kar\u015f\u0131lay\u0131p kar\u015f\u0131lamad\u0131klar\u0131n\u0131 denetlerken\u00a0 ger\u00e7ekle\u015fti\u011fi gezide yurt odalar\u0131n\u0131n yan\u0131 s\u0131ra derslikler, laboratuvarlar, tiyatro salonu, k\u00fclt\u00fcr k\u00fct\u00fcphanesi, spor ve sa\u011fl\u0131k tesisleri, diki\u015f at\u00f6lyesi yer ald\u0131.<\/p>\n<p>T\u00fcmgeneral \u0130brahim, anne babalar\u0131 vatan\u0131n onuru ve onuru u\u011fruna canlar\u0131n\u0131 esirgemeyen \u015fehitlerin evlatlar\u0131na tam bir \u00f6zen ve b\u00fcy\u00fck ilgi g\u00f6sterilmesi gerekti\u011fini vurgulayarak, d\u00fcnyan\u0131n en c\u00f6merdi ve insanlar\u0131n en \u015fereflisi olan \u015fehitlerimizin salih evlatlar\u0131n\u0131n ihtiya\u00e7lar\u0131n\u0131n takip\u00e7isi olarak ilgililere sorumluluklar\u0131n\u0131 sonuna kadar yerine getirmeleri talimat\u0131n\u0131 verdi.<\/p>\n<p>\u0130brahim, gezisinin sonunda, evlatlar\u0131 \u015fehadet iradesine sahip olan bir vatan\u0131n zafere lay\u0131k bir vatan oldu\u011funu ve vatan u\u011frunda fedakarl\u0131k ve \u015fehitlik ideolojisini benimseyen bir ordunun g\u00fc\u00e7l\u00fc ve g\u00fc\u00e7l\u00fc ve \u00a0yenilmez bir ordu oldu\u011funu da kaydetti.<\/p>\n<p>Bu vesileyle de, askeri b\u00f6lge komutanlar\u0131 \u015fehitlerin istirahat yerlerini ziyaret edip Ordu ve Silahl\u0131 Kuvvetlerin Ba\u015fkomutan\u0131 Say\u0131n Cumhurba\u015fkan\u0131 Korgeneral Be\u015far Esad ad\u0131na \u015fehitlerin an\u0131tlar\u0131na \u00e7elenk koydular. Ard\u0131ndan Fatiha&#8217;y\u0131 okudular ve temiz ruhlar\u0131 i\u00e7in resmi \u015feref ve h\u00fcrmet selam\u0131 verdiler.<\/p>\n<p>Komutanlar ayr\u0131ca, skeri hastanelerde de Suriye Arap Ordusuna ba\u011fl\u0131 yaral\u0131lar\u0131 ziyaret ederek tebriklerini ilettiler, acil \u015fifalar, sa\u011fl\u0131k ve s\u0131hhat dilediler.<\/p>\n<p style=\"text-align: center;\"><iframe loading=\"lazy\" title=\"\u0628\u062a\u0648\u062c\u064a\u0647 \u0645\u0646 \u0627\u0644\u0631\u0626\u064a\u0633 \u0627\u0644\u0623\u0633\u062f \u0648\u0628\u0645\u0646\u0627\u0633\u0628\u0629 \u0639\u064a\u062f \u0627\u0644\u0634\u0647\u062f\u0627\u0621.. \u0627\u0644\u0639\u0645\u0627\u062f \u0625\u0628\u0631\u0627\u0647\u064a\u0645 \u064a\u0632\u0648\u0631 \u0645\u062f\u064a\u0631\u064a\u0629 \u0634\u0624\u0648\u0646 \u0627\u0644\u0634\u0647\u062f\u0627\u0621 \u0648\u0627\u0644\u062c\u0631\u062d\u0649\" src=\"https:\/\/www.youtube.com\/embed\/Dq7cVtvJiwA\" width=\"620\" height=\"348\" frameborder=\"0\" allowfullscreen=\"allowfullscreen\"><\/iframe><\/p>\n<div id='gallery-1' class='gallery galleryid-280199 gallery-columns-3 gallery-size-full'><figure class='gallery-item'>\n\t\t\t<div class='gallery-icon landscape'>\n\t\t\t\t<a href='https:\/\/archive.sana.sy\/tr\/wp-content\/uploads\/2023\/05\/3333-8-1.jpg'><img loading=\"lazy\" decoding=\"async\" width=\"1200\" height=\"1008\" src=\"https:\/\/archive.sana.sy\/tr\/wp-content\/uploads\/2023\/05\/3333-8-1.jpg\" class=\"attachment-full size-full\" alt=\"\" srcset=\"https:\/\/archive.sana.sy\/tr\/wp-content\/uploads\/2023\/05\/3333-8-1.jpg 1200w, https:\/\/archive.sana.sy\/tr\/wp-content\/uploads\/2023\/05\/3333-8-1-300x252.jpg 300w, https:\/\/archive.sana.sy\/tr\/wp-content\/uploads\/2023\/05\/3333-8-1-1024x860.jpg 1024w, https:\/\/archive.sana.sy\/tr\/wp-content\/uploads\/2023\/05\/3333-8-1-768x645.jpg 768w\" sizes=\"auto, (max-width: 1200px) 100vw, 1200px\" \/><\/a>\n\t\t\t<\/div><\/figure><figure class='gallery-item'>\n\t\t\t<div class='gallery-icon landscape'>\n\t\t\t\t<a href='https:\/\/archive.sana.sy\/tr\/wp-content\/uploads\/2023\/05\/5-2.jpg'><img loading=\"lazy\" decoding=\"async\" width=\"1200\" height=\"800\" src=\"https:\/\/archive.sana.sy\/tr\/wp-content\/uploads\/2023\/05\/5-2.jpg\" class=\"attachment-full size-full\" alt=\"\" srcset=\"https:\/\/archive.sana.sy\/tr\/wp-content\/uploads\/2023\/05\/5-2.jpg 1200w, https:\/\/archive.sana.sy\/tr\/wp-content\/uploads\/2023\/05\/5-2-300x200.jpg 300w, https:\/\/archive.sana.sy\/tr\/wp-content\/uploads\/2023\/05\/5-2-1024x683.jpg 1024w, https:\/\/archive.sana.sy\/tr\/wp-content\/uploads\/2023\/05\/5-2-768x512.jpg 768w\" sizes=\"auto, (max-width: 1200px) 100vw, 1200px\" \/><\/a>\n\t\t\t<\/div><\/figure><figure class='gallery-item'>\n\t\t\t<div class='gallery-icon landscape'>\n\t\t\t\t<a href='https:\/\/archive.sana.sy\/tr\/wp-content\/uploads\/2023\/05\/2-7.jpg'><img loading=\"lazy\" decoding=\"async\" width=\"1200\" height=\"806\" src=\"https:\/\/archive.sana.sy\/tr\/wp-content\/uploads\/2023\/05\/2-7.jpg\" class=\"attachment-full size-full\" alt=\"\" srcset=\"https:\/\/archive.sana.sy\/tr\/wp-content\/uploads\/2023\/05\/2-7.jpg 1200w, https:\/\/archive.sana.sy\/tr\/wp-content\/uploads\/2023\/05\/2-7-300x202.jpg 300w, https:\/\/archive.sana.sy\/tr\/wp-content\/uploads\/2023\/05\/2-7-1024x688.jpg 1024w, https:\/\/archive.sana.sy\/tr\/wp-content\/uploads\/2023\/05\/2-7-768x516.jpg 768w, https:\/\/archive.sana.sy\/tr\/wp-content\/uploads\/2023\/05\/2-7-110x75.jpg 110w\" sizes=\"auto, (max-width: 1200px) 100vw, 1200px\" \/><\/a>\n\t\t\t<\/div><\/figure><figure class='gallery-item'>\n\t\t\t<div class='gallery-icon landscape'>\n\t\t\t\t<a href='https:\/\/archive.sana.sy\/tr\/wp-content\/uploads\/2023\/05\/1-8.jpg'><img loading=\"lazy\" decoding=\"async\" width=\"1200\" height=\"800\" src=\"https:\/\/archive.sana.sy\/tr\/wp-content\/uploads\/2023\/05\/1-8.jpg\" class=\"attachment-full size-full\" alt=\"\" srcset=\"https:\/\/archive.sana.sy\/tr\/wp-content\/uploads\/2023\/05\/1-8.jpg 1200w, https:\/\/archive.sana.sy\/tr\/wp-content\/uploads\/2023\/05\/1-8-300x200.jpg 300w, https:\/\/archive.sana.sy\/tr\/wp-content\/uploads\/2023\/05\/1-8-1024x683.jpg 1024w, https:\/\/archive.sana.sy\/tr\/wp-content\/uploads\/2023\/05\/1-8-768x512.jpg 768w\" sizes=\"auto, (max-width: 1200px) 100vw, 1200px\" \/><\/a>\n\t\t\t<\/div><\/figure><figure class='gallery-item'>\n\t\t\t<div class='gallery-icon landscape'>\n\t\t\t\t<a href='https:\/\/archive.sana.sy\/tr\/wp-content\/uploads\/2023\/05\/3-2.jpg'><img loading=\"lazy\" decoding=\"async\" width=\"1200\" height=\"800\" src=\"https:\/\/archive.sana.sy\/tr\/wp-content\/uploads\/2023\/05\/3-2.jpg\" class=\"attachment-full size-full\" alt=\"\" srcset=\"https:\/\/archive.sana.sy\/tr\/wp-content\/uploads\/2023\/05\/3-2.jpg 1200w, https:\/\/archive.sana.sy\/tr\/wp-content\/uploads\/2023\/05\/3-2-300x200.jpg 300w, https:\/\/archive.sana.sy\/tr\/wp-content\/uploads\/2023\/05\/3-2-1024x683.jpg 1024w, https:\/\/archive.sana.sy\/tr\/wp-content\/uploads\/2023\/05\/3-2-768x512.jpg 768w\" sizes=\"auto, (max-width: 1200px) 100vw, 1200px\" \/><\/a>\n\t\t\t<\/div><\/figure><figure class='gallery-item'>\n\t\t\t<div class='gallery-icon landscape'>\n\t\t\t\t<a href='https:\/\/archive.sana.sy\/tr\/wp-content\/uploads\/2023\/05\/4-3.jpg'><img loading=\"lazy\" decoding=\"async\" width=\"1200\" height=\"800\" src=\"https:\/\/archive.sana.sy\/tr\/wp-content\/uploads\/2023\/05\/4-3.jpg\" class=\"attachment-full size-full\" alt=\"\" srcset=\"https:\/\/archive.sana.sy\/tr\/wp-content\/uploads\/2023\/05\/4-3.jpg 1200w, https:\/\/archive.sana.sy\/tr\/wp-content\/uploads\/2023\/05\/4-3-300x200.jpg 300w, https:\/\/archive.sana.sy\/tr\/wp-content\/uploads\/2023\/05\/4-3-1024x683.jpg 1024w, https:\/\/archive.sana.sy\/tr\/wp-content\/uploads\/2023\/05\/4-3-768x512.jpg 768w\" sizes=\"auto, (max-width: 1200px) 100vw, 1200px\" \/><\/a>\n\t\t\t<\/div><\/figure>\n\t\t<\/div>\n\n<p>&nbsp;<\/p>\n<p>R.M.<\/p>\n<p><a href=\"https:\/\/t.me\/SuriyeArapHaberAjansI\">Telegram Kanal\u0131m\u0131z\u00a0<\/a><\/p>\n<p><a href=\"https:\/\/www.facebook.com\/SANAHaberAjansi\/\">Facebook Sayfam\u0131z<\/a><\/p>\n<p>&nbsp;<\/p>\n<p>&nbsp;<\/p>\n<p>&nbsp;<\/p>\n<p>&nbsp;<\/p>\n","protected":false},"excerpt":{"rendered":"<p>\u015eAM &#8211; Cumhurba\u015fkan\u0131, Ordu ve Silahl\u0131 Kuvvetler Ba\u015fkomutan\u0131 Korgeneral Be\u015f\u015far Esad&#8217;\u0131n direktifleri do\u011frultusunda ve \u015eehitler G\u00fcn\u00fc m\u00fcnasebetiyle, Kara ve Silahl\u0131 Kuvvetler Genelkurmay Ba\u015fkan\u0131 T\u00fcmgeneral Abdulkerim Mahmud \u0130brahim, beraberindekilerle birlikte \u015eehit, Yaral\u0131 ve Kay\u0131p \u0130\u015fleri M\u00fcd\u00fcrl\u00fc\u011f\u00fc&#8217;nde incelemelerde bulundu.\u00a0 T\u00fcmgeneral \u0130brahim ziyaretinin esnas\u0131nda\u00a0 m\u00fcd\u00fcrl\u00fc\u011f\u00fcn i\u015f ak\u0131\u015f mekanizmas\u0131 ve \u015fehit ailelerine, sava\u015f yaral\u0131lar\u0131 ve kay\u0131plara sundu\u011fu hizmetler hakk\u0131nda &hellip;<\/p>\n","protected":false},"author":41,"featured_media":280200,"comment_status":"closed","ping_status":"closed","sticky":false,"template":"","format":"standard","meta":{"footnotes":""},"categories":[479,17988,478],"tags":[],"class_list":["post-280199","post","type-post","status-publish","format-standard","has-post-thumbnail","","category-haberler-yerel","category-son-haberler","category-yerel"],"_links":{"self":[{"href":"https:\/\/archive.sana.sy\/tr\/index.php?rest_route=\/wp\/v2\/posts\/280199","targetHints":{"allow":["GET"]}}],"collection":[{"href":"https:\/\/archive.sana.sy\/tr\/index.php?rest_route=\/wp\/v2\/posts"}],"about":[{"href":"https:\/\/archive.sana.sy\/tr\/index.php?rest_route=\/wp\/v2\/types\/post"}],"author":[{"embeddable":true,"href":"https:\/\/archive.sana.sy\/tr\/index.php?rest_route=\/wp\/v2\/users\/41"}],"replies":[{"embeddable":true,"href":"https:\/\/archive.sana.sy\/tr\/index.php?rest_route=%2Fwp%2Fv2%2Fcomments&post=280199"}],"version-history":[{"count":0,"href":"https:\/\/archive.sana.sy\/tr\/index.php?rest_route=\/wp\/v2\/posts\/280199\/revisions"}],"wp:featuredmedia":[{"embeddable":true,"href":"https:\/\/archive.sana.sy\/tr\/index.php?rest_route=\/wp\/v2\/media\/280200"}],"wp:attachment":[{"href":"https:\/\/archive.sana.sy\/tr\/index.php?rest_route=%2Fwp%2Fv2%2Fmedia&parent=280199"}],"wp:term":[{"taxonomy":"category","embeddable":true,"href":"https:\/\/archive.sana.sy\/tr\/index.php?rest_route=%2Fwp%2Fv2%2Fcategories&post=280199"},{"taxonomy":"post_tag","embeddable":true,"href":"https:\/\/archive.sana.sy\/tr\/index.php?rest_route=%2Fwp%2Fv2%2Ftags&post=280199"}],"curies":[{"name":"wp","href":"https:\/\/api.w.org\/{rel}","templated":true}]}}