{"id":280230,"date":"2023-05-07T08:48:17","date_gmt":"2023-05-07T05:48:17","guid":{"rendered":"http:\/\/sana.sy\/tr\/?p=280230"},"modified":"2023-05-07T08:48:17","modified_gmt":"2023-05-07T05:48:17","slug":"cumhurbaskani-esadin-direktifleri-dogrultusunda-tumgeneral-ibrahim-sehit-isleri-mudurlugunu-ziyaret-etti","status":"publish","type":"post","link":"https:\/\/archive.sana.sy\/tr\/?p=280230","title":{"rendered":"Cumhurba\u015fkan\u0131 Esad\u2019\u0131n Direktifleri Do\u011frultusunda, T\u00fcmgeneral \u0130brahim, \u015eehit \u0130\u015fleri M\u00fcd\u00fcrl\u00fc\u011f\u00fc\u2019n\u00fc Ziyaret Etti"},"content":{"rendered":"<p>Cumhurba\u015fkan\u0131 Esad\u2019\u0131n Direktifleri Do\u011frultusunda, T\u00fcmgeneral \u0130brahim, \u015eehit \u0130\u015fleri M\u00fcd\u00fcrl\u00fc\u011f\u00fc\u2019n\u00fc Ziyaret Etti<\/p>\n<p style=\"text-align: center;\"><iframe loading=\"lazy\" title=\"\u0628\u062a\u0648\u062c\u064a\u0647 \u0645\u0646 \u0627\u0644\u0631\u0626\u064a\u0633 \u0627\u0644\u0623\u0633\u062f \u0648\u0628\u0645\u0646\u0627\u0633\u0628\u0629 \u0639\u064a\u062f \u0627\u0644\u0634\u0647\u062f\u0627\u0621.. \u0627\u0644\u0639\u0645\u0627\u062f \u0625\u0628\u0631\u0627\u0647\u064a\u0645 \u064a\u0632\u0648\u0631 \u0645\u062f\u064a\u0631\u064a\u0629 \u0634\u0624\u0648\u0646 \u0627\u0644\u0634\u0647\u062f\u0627\u0621 \u0648\u0627\u0644\u062c\u0631\u062d\u0649\" src=\"https:\/\/www.youtube.com\/embed\/Dq7cVtvJiwA\" width=\"620\" height=\"348\" frameborder=\"0\" allowfullscreen=\"allowfullscreen\"><\/iframe><\/p>\n","protected":false},"excerpt":{"rendered":"<p>Cumhurba\u015fkan\u0131 Esad\u2019\u0131n Direktifleri Do\u011frultusunda, T\u00fcmgeneral \u0130brahim, \u015eehit \u0130\u015fleri M\u00fcd\u00fcrl\u00fc\u011f\u00fc\u2019n\u00fc Ziyaret Etti<\/p>\n","protected":false},"author":36,"featured_media":280231,"comment_status":"closed","ping_status":"closed","sticky":false,"template":"","format":"standard","meta":{"footnotes":""},"categories":[18295],"tags":[],"class_list":["post-280230","post","type-post","status-publish","format-standard","has-post-thumbnail","","category-sana-video"],"_links":{"self":[{"href":"https:\/\/archive.sana.sy\/tr\/index.php?rest_route=\/wp\/v2\/posts\/280230","targetHints":{"allow":["GET"]}}],"collection":[{"href":"https:\/\/archive.sana.sy\/tr\/index.php?rest_route=\/wp\/v2\/posts"}],"about":[{"href":"https:\/\/archive.sana.sy\/tr\/index.php?rest_route=\/wp\/v2\/types\/post"}],"author":[{"embeddable":true,"href":"https:\/\/archive.sana.sy\/tr\/index.php?rest_route=\/wp\/v2\/users\/36"}],"replies":[{"embeddable":true,"href":"https:\/\/archive.sana.sy\/tr\/index.php?rest_route=%2Fwp%2Fv2%2Fcomments&post=280230"}],"version-history":[{"count":0,"href":"https:\/\/archive.sana.sy\/tr\/index.php?rest_route=\/wp\/v2\/posts\/280230\/revisions"}],"wp:featuredmedia":[{"embeddable":true,"href":"https:\/\/archive.sana.sy\/tr\/index.php?rest_route=\/wp\/v2\/media\/280231"}],"wp:attachment":[{"href":"https:\/\/archive.sana.sy\/tr\/index.php?rest_route=%2Fwp%2Fv2%2Fmedia&parent=280230"}],"wp:term":[{"taxonomy":"category","embeddable":true,"href":"https:\/\/archive.sana.sy\/tr\/index.php?rest_route=%2Fwp%2Fv2%2Fcategories&post=280230"},{"taxonomy":"post_tag","embeddable":true,"href":"https:\/\/archive.sana.sy\/tr\/index.php?rest_route=%2Fwp%2Fv2%2Ftags&post=280230"}],"curies":[{"name":"wp","href":"https:\/\/api.w.org\/{rel}","templated":true}]}}