{"id":280235,"date":"2023-05-07T09:35:38","date_gmt":"2023-05-07T06:35:38","guid":{"rendered":"https:\/\/sana.sy\/tr\/?p=280235"},"modified":"2023-05-08T08:44:14","modified_gmt":"2023-05-08T05:44:14","slug":"ulusal-deprem-merkezi-hamanin-dogusunda-32-buyuklugunde-deprem-kaydedildi","status":"publish","type":"post","link":"https:\/\/archive.sana.sy\/tr\/?p=280235","title":{"rendered":"Ulusal Deprem Merkezi: Hama&#8217;n\u0131n Do\u011fusunda 3,2 B\u00fcy\u00fckl\u00fc\u011f\u00fcnde Deprem Kaydedildi"},"content":{"rendered":"<p><strong>\u015eAM<\/strong> \u2013 Ulusal Sismoloji Merkezi, bug\u00fcn yakla\u015f\u0131k 77 kilometre uzakl\u0131ktaki Hama&#8217;n\u0131n do\u011fusunda Richter \u00f6l\u00e7e\u011fine g\u00f6re 3.2 b\u00fcy\u00fckl\u00fc\u011f\u00fcnde bir depremin kaydedildi\u011fini ilan etti.<\/p>\n<p>Merkezden yapt\u0131\u011f\u0131 ve SANA\u2019n\u0131n n\u00fcshas\u0131n\u0131 ald\u0131\u011f\u0131 beyanda:\u00a0 depremin bug\u00fcn saat 05.26&#8217;da 10 km derinlikte meydana geldi.<\/p>\n<p><a href=\"https:\/\/t.me\/SuriyeArapHaberAjansI\">Telegram Kanal\u0131m\u0131z\u00a0<\/a><\/p>\n<p><a href=\"https:\/\/www.facebook.com\/SANAHaberAjansi\/\">Facebook Sayfam\u0131z<\/a><\/p>\n","protected":false},"excerpt":{"rendered":"<p>\u015eAM \u2013 Ulusal Sismoloji Merkezi, bug\u00fcn yakla\u015f\u0131k 77 kilometre uzakl\u0131ktaki Hama&#8217;n\u0131n do\u011fusunda Richter \u00f6l\u00e7e\u011fine g\u00f6re 3.2 b\u00fcy\u00fckl\u00fc\u011f\u00fcnde bir depremin kaydedildi\u011fini ilan etti. Merkezden yapt\u0131\u011f\u0131 ve SANA\u2019n\u0131n n\u00fcshas\u0131n\u0131 ald\u0131\u011f\u0131 beyanda:\u00a0 depremin bug\u00fcn saat 05.26&#8217;da 10 km derinlikte meydana geldi. Telegram Kanal\u0131m\u0131z\u00a0 Facebook Sayfam\u0131z<\/p>\n","protected":false},"author":39,"featured_media":280236,"comment_status":"closed","ping_status":"closed","sticky":false,"template":"","format":"standard","meta":{"footnotes":""},"categories":[479,17988,478],"tags":[],"class_list":["post-280235","post","type-post","status-publish","format-standard","has-post-thumbnail","","category-haberler-yerel","category-son-haberler","category-yerel"],"_links":{"self":[{"href":"https:\/\/archive.sana.sy\/tr\/index.php?rest_route=\/wp\/v2\/posts\/280235","targetHints":{"allow":["GET"]}}],"collection":[{"href":"https:\/\/archive.sana.sy\/tr\/index.php?rest_route=\/wp\/v2\/posts"}],"about":[{"href":"https:\/\/archive.sana.sy\/tr\/index.php?rest_route=\/wp\/v2\/types\/post"}],"author":[{"embeddable":true,"href":"https:\/\/archive.sana.sy\/tr\/index.php?rest_route=\/wp\/v2\/users\/39"}],"replies":[{"embeddable":true,"href":"https:\/\/archive.sana.sy\/tr\/index.php?rest_route=%2Fwp%2Fv2%2Fcomments&post=280235"}],"version-history":[{"count":0,"href":"https:\/\/archive.sana.sy\/tr\/index.php?rest_route=\/wp\/v2\/posts\/280235\/revisions"}],"wp:featuredmedia":[{"embeddable":true,"href":"https:\/\/archive.sana.sy\/tr\/index.php?rest_route=\/wp\/v2\/media\/280236"}],"wp:attachment":[{"href":"https:\/\/archive.sana.sy\/tr\/index.php?rest_route=%2Fwp%2Fv2%2Fmedia&parent=280235"}],"wp:term":[{"taxonomy":"category","embeddable":true,"href":"https:\/\/archive.sana.sy\/tr\/index.php?rest_route=%2Fwp%2Fv2%2Fcategories&post=280235"},{"taxonomy":"post_tag","embeddable":true,"href":"https:\/\/archive.sana.sy\/tr\/index.php?rest_route=%2Fwp%2Fv2%2Ftags&post=280235"}],"curies":[{"name":"wp","href":"https:\/\/api.w.org\/{rel}","templated":true}]}}