{"id":280238,"date":"2023-05-07T09:51:06","date_gmt":"2023-05-07T06:51:06","guid":{"rendered":"http:\/\/sana.sy\/tr\/?p=280238"},"modified":"2023-05-08T08:44:23","modified_gmt":"2023-05-08T05:44:23","slug":"saglik-bakanligi-asi-olmayan-cocuklarin-takibi-icin-ulusal-asi-kampanyasi-baslatti-3","status":"publish","type":"post","link":"https:\/\/archive.sana.sy\/tr\/?p=280238","title":{"rendered":"Sa\u011fl\u0131k Bakanl\u0131\u011f\u0131, A\u015f\u0131 Olmayan \u00c7ocuklar\u0131n Takibi \u0130\u00e7in Ulusal A\u015f\u0131 Kampanyas\u0131 Ba\u015flatt\u0131"},"content":{"rendered":"<p>\u015eAM \u2013 Bug\u00fcn Sa\u011fl\u0131k Bakanl\u0131\u011f\u0131, bir ya\u015f\u0131ndan be\u015f ya\u015f\u0131na kadar a\u015f\u0131 yapmam\u0131\u015f \u00e7ocuklar\u0131n takibi i\u00e7in Ulusal A\u015f\u0131 G\u00fcnleri kampanyas\u0131n\u0131 ba\u015flatt\u0131<\/p>\n<p>SANA muhabiri, kampanyan\u0131n 11 May\u0131s\u2019a kadar devam edece\u011fini belirtti.<\/p>\n<p><a href=\"https:\/\/t.me\/SuriyeArapHaberAjansI\">Telegram Kanal\u0131m\u0131z\u00a0<\/a><\/p>\n<p><a href=\"https:\/\/www.facebook.com\/SANAHaberAjansi\/\">Facebook Sayfam\u0131z<\/a><\/p>\n","protected":false},"excerpt":{"rendered":"<p>\u015eAM \u2013 Bug\u00fcn Sa\u011fl\u0131k Bakanl\u0131\u011f\u0131, bir ya\u015f\u0131ndan be\u015f ya\u015f\u0131na kadar a\u015f\u0131 yapmam\u0131\u015f \u00e7ocuklar\u0131n takibi i\u00e7in Ulusal A\u015f\u0131 G\u00fcnleri kampanyas\u0131n\u0131 ba\u015flatt\u0131 SANA muhabiri, kampanyan\u0131n 11 May\u0131s\u2019a kadar devam edece\u011fini belirtti. Telegram Kanal\u0131m\u0131z\u00a0 Facebook Sayfam\u0131z<\/p>\n","protected":false},"author":36,"featured_media":280239,"comment_status":"closed","ping_status":"closed","sticky":false,"template":"","format":"standard","meta":{"footnotes":""},"categories":[526,479,17988,525,478],"tags":[],"class_list":["post-280238","post","type-post","status-publish","format-standard","has-post-thumbnail","","category-haber-ve-raporlar","category-haberler-yerel","category-son-haberler","category-toplum","category-yerel"],"_links":{"self":[{"href":"https:\/\/archive.sana.sy\/tr\/index.php?rest_route=\/wp\/v2\/posts\/280238","targetHints":{"allow":["GET"]}}],"collection":[{"href":"https:\/\/archive.sana.sy\/tr\/index.php?rest_route=\/wp\/v2\/posts"}],"about":[{"href":"https:\/\/archive.sana.sy\/tr\/index.php?rest_route=\/wp\/v2\/types\/post"}],"author":[{"embeddable":true,"href":"https:\/\/archive.sana.sy\/tr\/index.php?rest_route=\/wp\/v2\/users\/36"}],"replies":[{"embeddable":true,"href":"https:\/\/archive.sana.sy\/tr\/index.php?rest_route=%2Fwp%2Fv2%2Fcomments&post=280238"}],"version-history":[{"count":0,"href":"https:\/\/archive.sana.sy\/tr\/index.php?rest_route=\/wp\/v2\/posts\/280238\/revisions"}],"wp:featuredmedia":[{"embeddable":true,"href":"https:\/\/archive.sana.sy\/tr\/index.php?rest_route=\/wp\/v2\/media\/280239"}],"wp:attachment":[{"href":"https:\/\/archive.sana.sy\/tr\/index.php?rest_route=%2Fwp%2Fv2%2Fmedia&parent=280238"}],"wp:term":[{"taxonomy":"category","embeddable":true,"href":"https:\/\/archive.sana.sy\/tr\/index.php?rest_route=%2Fwp%2Fv2%2Fcategories&post=280238"},{"taxonomy":"post_tag","embeddable":true,"href":"https:\/\/archive.sana.sy\/tr\/index.php?rest_route=%2Fwp%2Fv2%2Ftags&post=280238"}],"curies":[{"name":"wp","href":"https:\/\/api.w.org\/{rel}","templated":true}]}}