{"id":280241,"date":"2023-05-07T15:01:41","date_gmt":"2023-05-07T12:01:41","guid":{"rendered":"http:\/\/sana.sy\/tr\/?p=280241"},"modified":"2023-05-08T08:44:40","modified_gmt":"2023-05-08T05:44:40","slug":"isgal-gucleri-bati-seriada-11-filistinliyi-tutukladi","status":"publish","type":"post","link":"https:\/\/archive.sana.sy\/tr\/?p=280241","title":{"rendered":"\u0130\u015fgalci \u0130srail G\u00fc\u00e7leri Bat\u0131 Yaka\u2019da 11 Filistinliyi Tutuklad\u0131"},"content":{"rendered":"<p><strong>\u0130\u015eGAL ED\u0130LEN KUD\u00dcS<\/strong> &#8211; \u0130srail i\u015fgal g\u00fc\u00e7leri bug\u00fcn Bat\u0131 Yaka&#8217;n\u0131n farkl\u0131 b\u00f6lgelerinde 11 Filistinliyi tutuklad\u0131.<\/p>\n<p>Filistin medyas\u0131, i\u015fgal g\u00fc\u00e7leri Kud\u00fcs&#8217;te Cebel El Mukebir, Eriha&#8217;da El Oca, Beyt Lahm&#8217;da Beyt Cala ve Beyt Sahur, Ramallah&#8217;ta Ras Karkar ve Halil&#8217;de Musafir Yatta b\u00f6lgesini bast\u0131\u011f\u0131n\u0131 ve Eriha&#8217;daki Karama ge\u00e7i\u015f noktas\u0131nda bir kad\u0131n ve Nablus&#8217;un bat\u0131s\u0131ndaki Surra kasabas\u0131ndaki kontrol noktalar\u0131ndan birinde bir gen\u00e7 g\u00f6zalt\u0131na al\u0131n\u0131rken, dokuz Filistinli tutukland\u0131\u011f\u0131n\u0131 bildirdi.<\/p>\n<p>&nbsp;<\/p>\n<p>R.M.<\/p>\n<p><a href=\"https:\/\/t.me\/SuriyeArapHaberAjansI\">Telegram Kanal\u0131m\u0131z\u00a0<\/a><\/p>\n<p><a href=\"https:\/\/www.facebook.com\/SANAHaberAjansi\/\">Facebook Sayfam\u0131z<\/a><\/p>\n","protected":false},"excerpt":{"rendered":"<p>\u0130\u015eGAL ED\u0130LEN KUD\u00dcS &#8211; \u0130srail i\u015fgal g\u00fc\u00e7leri bug\u00fcn Bat\u0131 Yaka&#8217;n\u0131n farkl\u0131 b\u00f6lgelerinde 11 Filistinliyi tutuklad\u0131. Filistin medyas\u0131, i\u015fgal g\u00fc\u00e7leri Kud\u00fcs&#8217;te Cebel El Mukebir, Eriha&#8217;da El Oca, Beyt Lahm&#8217;da Beyt Cala ve Beyt Sahur, Ramallah&#8217;ta Ras Karkar ve Halil&#8217;de Musafir Yatta b\u00f6lgesini bast\u0131\u011f\u0131n\u0131 ve Eriha&#8217;daki Karama ge\u00e7i\u015f noktas\u0131nda bir kad\u0131n ve Nablus&#8217;un bat\u0131s\u0131ndaki Surra kasabas\u0131ndaki kontrol &hellip;<\/p>\n","protected":false},"author":41,"featured_media":280242,"comment_status":"closed","ping_status":"closed","sticky":false,"template":"","format":"standard","meta":{"footnotes":""},"categories":[458,459,17988],"tags":[],"class_list":["post-280241","post","type-post","status-publish","format-standard","has-post-thumbnail","","category-dunya1","category-haberler-arap-uluslararasi-politika","category-son-haberler"],"_links":{"self":[{"href":"https:\/\/archive.sana.sy\/tr\/index.php?rest_route=\/wp\/v2\/posts\/280241","targetHints":{"allow":["GET"]}}],"collection":[{"href":"https:\/\/archive.sana.sy\/tr\/index.php?rest_route=\/wp\/v2\/posts"}],"about":[{"href":"https:\/\/archive.sana.sy\/tr\/index.php?rest_route=\/wp\/v2\/types\/post"}],"author":[{"embeddable":true,"href":"https:\/\/archive.sana.sy\/tr\/index.php?rest_route=\/wp\/v2\/users\/41"}],"replies":[{"embeddable":true,"href":"https:\/\/archive.sana.sy\/tr\/index.php?rest_route=%2Fwp%2Fv2%2Fcomments&post=280241"}],"version-history":[{"count":0,"href":"https:\/\/archive.sana.sy\/tr\/index.php?rest_route=\/wp\/v2\/posts\/280241\/revisions"}],"wp:featuredmedia":[{"embeddable":true,"href":"https:\/\/archive.sana.sy\/tr\/index.php?rest_route=\/wp\/v2\/media\/280242"}],"wp:attachment":[{"href":"https:\/\/archive.sana.sy\/tr\/index.php?rest_route=%2Fwp%2Fv2%2Fmedia&parent=280241"}],"wp:term":[{"taxonomy":"category","embeddable":true,"href":"https:\/\/archive.sana.sy\/tr\/index.php?rest_route=%2Fwp%2Fv2%2Fcategories&post=280241"},{"taxonomy":"post_tag","embeddable":true,"href":"https:\/\/archive.sana.sy\/tr\/index.php?rest_route=%2Fwp%2Fv2%2Ftags&post=280241"}],"curies":[{"name":"wp","href":"https:\/\/api.w.org\/{rel}","templated":true}]}}