{"id":280244,"date":"2023-05-07T14:08:20","date_gmt":"2023-05-07T11:08:20","guid":{"rendered":"http:\/\/sana.sy\/tr\/?p=280244"},"modified":"2023-05-08T08:44:35","modified_gmt":"2023-05-08T05:44:35","slug":"bati-asya-eskrim-sampiyonasinda-suriye-milli-takimina-iki-yeni-madalya","status":"publish","type":"post","link":"https:\/\/archive.sana.sy\/tr\/?p=280244","title":{"rendered":"Bat\u0131 Asya Eskrim \u015eampiyonas\u0131&#8217;nda Suriye Milli Tak\u0131m\u0131na \u0130ki Yeni Madalya"},"content":{"rendered":"<p><strong>AMMAN<\/strong> &#8211; \u00dcrd\u00fcn&#8217;de d\u00fczenlenen Bat\u0131 Asya Ya\u015f Gruplar\u0131 \u015eampiyonas\u0131&#8217;n\u0131n ikinci g\u00fcn\u00fcnde eskrim milli tak\u0131m\u0131m\u0131z g\u00fcm\u00fc\u015f ve be\u015f bronz olmak \u00fczere toplam alt\u0131 madalyaya y\u00fckseldi.<\/p>\n<p>U-13 erkekler kategorisinde oyuncumuz Yu\u015fa Sa\u011fie Abi silah\u0131yla g\u00fcm\u00fc\u015f madalyan\u0131n sahibi olurken, oyuncumuz Gazel Dabiyet U-15 k\u0131l\u0131\u00e7 silah\u0131yla bronz madalyan\u0131n sahibi oldu.<\/p>\n<p>&nbsp;<\/p>\n<p>R.M.<\/p>\n<p><a href=\"https:\/\/t.me\/SuriyeArapHaberAjansI\">Telegram Kanal\u0131m\u0131z\u00a0<\/a><\/p>\n<p><a href=\"https:\/\/www.facebook.com\/SANAHaberAjansi\/\">Facebook Sayfam\u0131z<\/a><\/p>\n","protected":false},"excerpt":{"rendered":"<p>AMMAN &#8211; \u00dcrd\u00fcn&#8217;de d\u00fczenlenen Bat\u0131 Asya Ya\u015f Gruplar\u0131 \u015eampiyonas\u0131&#8217;n\u0131n ikinci g\u00fcn\u00fcnde eskrim milli tak\u0131m\u0131m\u0131z g\u00fcm\u00fc\u015f ve be\u015f bronz olmak \u00fczere toplam alt\u0131 madalyaya y\u00fckseldi. U-13 erkekler kategorisinde oyuncumuz Yu\u015fa Sa\u011fie Abi silah\u0131yla g\u00fcm\u00fc\u015f madalyan\u0131n sahibi olurken, oyuncumuz Gazel Dabiyet U-15 k\u0131l\u0131\u00e7 silah\u0131yla bronz madalyan\u0131n sahibi oldu. &nbsp; R.M. Telegram Kanal\u0131m\u0131z\u00a0 Facebook Sayfam\u0131z<\/p>\n","protected":false},"author":41,"featured_media":280245,"comment_status":"closed","ping_status":"closed","sticky":false,"template":"","format":"standard","meta":{"footnotes":""},"categories":[458,459,17988],"tags":[],"class_list":["post-280244","post","type-post","status-publish","format-standard","has-post-thumbnail","","category-dunya1","category-haberler-arap-uluslararasi-politika","category-son-haberler"],"_links":{"self":[{"href":"https:\/\/archive.sana.sy\/tr\/index.php?rest_route=\/wp\/v2\/posts\/280244","targetHints":{"allow":["GET"]}}],"collection":[{"href":"https:\/\/archive.sana.sy\/tr\/index.php?rest_route=\/wp\/v2\/posts"}],"about":[{"href":"https:\/\/archive.sana.sy\/tr\/index.php?rest_route=\/wp\/v2\/types\/post"}],"author":[{"embeddable":true,"href":"https:\/\/archive.sana.sy\/tr\/index.php?rest_route=\/wp\/v2\/users\/41"}],"replies":[{"embeddable":true,"href":"https:\/\/archive.sana.sy\/tr\/index.php?rest_route=%2Fwp%2Fv2%2Fcomments&post=280244"}],"version-history":[{"count":0,"href":"https:\/\/archive.sana.sy\/tr\/index.php?rest_route=\/wp\/v2\/posts\/280244\/revisions"}],"wp:featuredmedia":[{"embeddable":true,"href":"https:\/\/archive.sana.sy\/tr\/index.php?rest_route=\/wp\/v2\/media\/280245"}],"wp:attachment":[{"href":"https:\/\/archive.sana.sy\/tr\/index.php?rest_route=%2Fwp%2Fv2%2Fmedia&parent=280244"}],"wp:term":[{"taxonomy":"category","embeddable":true,"href":"https:\/\/archive.sana.sy\/tr\/index.php?rest_route=%2Fwp%2Fv2%2Fcategories&post=280244"},{"taxonomy":"post_tag","embeddable":true,"href":"https:\/\/archive.sana.sy\/tr\/index.php?rest_route=%2Fwp%2Fv2%2Ftags&post=280244"}],"curies":[{"name":"wp","href":"https:\/\/api.w.org\/{rel}","templated":true}]}}