{"id":280250,"date":"2023-05-07T16:26:29","date_gmt":"2023-05-07T13:26:29","guid":{"rendered":"http:\/\/sana.sy\/tr\/?p=280250"},"modified":"2023-05-08T08:44:49","modified_gmt":"2023-05-08T05:44:49","slug":"arap-disisleri-bakanlari-suriyenin-arap-birligi-toplantilarina-katiliminin-yeniden-basladigini-duyurdu","status":"publish","type":"post","link":"https:\/\/archive.sana.sy\/tr\/?p=280250","title":{"rendered":"Arap D\u0131\u015fi\u015fleri Bakanlar\u0131, Suriye&#8217;nin Arap Birli\u011fi Toplant\u0131lar\u0131na Kat\u0131l\u0131m\u0131n\u0131n Yeniden Ba\u015flad\u0131\u011f\u0131n\u0131 Duyurdu"},"content":{"rendered":"<p><strong>KAH\u0130RE<\/strong> \u2013 Arap Devletleri Birli\u011fi d\u0131\u015fi\u015fleri bakanlar\u0131 Kahire&#8217;deki g\u00f6r\u00fc\u015fmelerinin ard\u0131ndan bug\u00fcnden itibaren Suriye Arap Cumhuriyeti delegasyonlar\u0131n\u0131n birlik Konseyi ve ona ba\u011fl\u0131 t\u00fcm kurum ve kurulu\u015flar\u0131n toplant\u0131lar\u0131na kat\u0131l\u0131m\u0131n\u0131n yeniden ba\u015flat\u0131lmas\u0131n\u0131 onaylad\u0131klar\u0131 8914 say\u0131l\u0131 Karar\u0131 yay\u0131nlad\u0131lar.<\/p>\n<p><span style=\"color: #0000ff;\"><strong>Karar\u0131n tam metni \u015f\u00f6yle:<\/strong><\/span><\/p>\n<p>M\u0131s\u0131r Arap Cumhuriyeti ba\u015fkanl\u0131\u011f\u0131ndaki bakanlar d\u00fczeyindeki Arap Devletleri Birli\u011fi Konseyi, 7 May\u0131s 2023 Pazar g\u00fcn\u00fc ger\u00e7ekle\u015ftirilen ola\u011fan\u00fcst\u00fc toplant\u0131s\u0131nda a\u015fa\u011f\u0131daki kararlar\u0131 ald\u0131:<\/p>\n<p>&#8211; Arap Devletleri Birli\u011fi \u015eart\u0131 ve ilkelerine dayanarak, Suriye&#8217;nin egemenli\u011fini, toprak b\u00fct\u00fcnl\u00fc\u011f\u00fcn\u00fc, istikrar\u0131n\u0131 ve toprak b\u00fct\u00fcnl\u00fc\u011f\u00fcn\u00fc koruma taahh\u00fcd\u00fcn\u00fc yenilemek ve Suriye halk\u0131 ve Arap medeniyetine ve k\u00fclt\u00fcr\u00fcne tarihsel katk\u0131lar\u0131 dahil, Karde\u015f Suriye halk\u0131n\u0131n son y\u0131llarda \u00e7ekti\u011fi ac\u0131lara son verme arzusundan hareket ederek\u00a0 t\u00fcm Arap halklar\u0131n\u0131 birle\u015ftiren ortak Arap \u00e7\u0131karlar\u0131 ve karde\u015flik ili\u015fkileri ile tutarl\u0131 bir \u015fekilde Suriye&#8217;nin i\u00e7inde bulundu\u011fu krizden \u00e7\u0131kmas\u0131na yard\u0131mc\u0131 olmak i\u00e7in Arap \u00e7abalar\u0131n\u0131 s\u00fcrd\u00fcrmenin ve yo\u011funla\u015ft\u0131rman\u0131n \u00f6nemini vurgulamak.<\/p>\n<p>&#8211; 14 Nisan 2023&#8217;te Suriye&#8217;ye ili\u015fkin Cidde toplant\u0131s\u0131nda ve 1 May\u0131s 2023&#8217;te Suriye&#8217;ye ili\u015fkin Amman toplant\u0131s\u0131nda yap\u0131lan Arap a\u00e7\u0131klamalar\u0131n\u0131 memnuniyetle kar\u015f\u0131lamak, Suriye krizini \u00e7\u00f6zme \u00e7abalar\u0131nda,\u00a0 \u00f6zellikle iltica y\u00fck\u00fc ve ter\u00f6r tehlikesi ve uyu\u015fturucu ka\u00e7ak\u00e7\u0131l\u0131\u011f\u0131 tehlikesi, insani, g\u00fcvenlik ve siyasi krizin Suriye ve halk\u0131 \u00fczerindeki t\u00fcm sonu\u00e7lar\u0131n\u0131 ve bu krizin kom\u015fu \u00fclkeler, b\u00f6lge ve d\u00fcnya \u00fczerindeki yans\u0131malar\u0131n\u0131 ele alacak bir Arap liderli\u011fi rol\u00fc ba\u015flatma gereklili\u011fi, Suriye Arap Cumhuriyeti&#8217;nin ilgili Arap a\u00e7\u0131klamalar\u0131n\u0131n \u00e7\u0131kt\u0131lar\u0131n\u0131 uygulamak i\u00e7in Arap \u00fclkeleriyle i\u015fbirli\u011fi yapma iste\u011fini memnuniyetle kar\u015f\u0131lamak ve Arap rol\u00fcn\u00fc harekete ge\u00e7irmek i\u00e7in gerekli mekanizmalar\u0131n benimsenmesinin yan\u0131 s\u0131ra Amman toplant\u0131s\u0131nda var\u0131lan taahh\u00fctlerin ve fikir birli\u011finin uygulanmas\u0131 ihtiyac\u0131.<\/p>\n<p>&#8211; \u0130nsani yard\u0131m\u0131n Suriye&#8217;deki ihtiya\u00e7 sahiplerine ula\u015ft\u0131r\u0131lmas\u0131na olanak sa\u011flayan ad\u0131mlar\u0131n s\u00fcrd\u00fcr\u00fclmesiyle ba\u015flayarak, \u00a02254 Say\u0131l\u0131 G\u00fcvenlik Konseyi Karar\u0131 do\u011frultusunda ad\u0131m ad\u0131m ilkesine g\u00f6re krizi kademeli olarak \u00e7\u00f6zmek i\u00e7in pratik ve etkili ad\u0131mlar at\u0131lmas\u0131 gerekti\u011fini vurgulamak.<\/p>\n<p>&#8211; Amman Deklarasyonu&#8217;nun uygulanmas\u0131n\u0131 takip etmek ve T\u00fcm sonu\u00e7lar\u0131n\u0131 ad\u0131m ad\u0131m metodolojiye g\u00f6re ve 2254 Say\u0131l\u0131 G\u00fcvenlik Konseyi Karar\u0131 do\u011frultusunda ele alacak Suriye krizine kapsaml\u0131 bir \u00e7\u00f6z\u00fcme ula\u015fmak i\u00e7in Suriye h\u00fck\u00fcmeti ile do\u011frudan diyalo\u011fu s\u00fcrd\u00fcrmek i\u00e7in \u00dcrd\u00fcn, Suudi Arabistan, Irak, L\u00fcbnan, M\u0131s\u0131r ve Genel Sekreterden olu\u015fan bakanlar d\u00fczeyinde birlik konseyine periyodik raporlar sunacak bir irtibat komitesinin olu\u015fturulmas\u0131.<\/p>\n<p>&#8211; 7 May\u0131s 2023 tarihinden itibaren Suriye Arap Cumhuriyeti H\u00fck\u00fcmeti delegasyonlar\u0131n\u0131n Arap Devletleri Ligi Konseyi ve ona ba\u011fl\u0131 t\u00fcm kurum ve kurulu\u015flar\u0131n toplant\u0131lar\u0131na kat\u0131l\u0131m\u0131na devam edilmesi.Genel Sekreter&#8217;den bu kararda belirtilenlerin uygulanmas\u0131n\u0131 takip etmesini ve geli\u015fmeler hakk\u0131nda Konsey&#8217;i bilgilendirmesini rica etemk.<\/p>\n<p>&nbsp;<\/p>\n<p>R.M.<\/p>\n<p><a href=\"https:\/\/t.me\/SuriyeArapHaberAjansI\">Telegram Kanal\u0131m\u0131z\u00a0<\/a><\/p>\n<p><a href=\"https:\/\/www.facebook.com\/SANAHaberAjansi\/\">Facebook Sayfam\u0131z<\/a><\/p>\n<p>&nbsp;<\/p>\n","protected":false},"excerpt":{"rendered":"<p>KAH\u0130RE \u2013 Arap Devletleri Birli\u011fi d\u0131\u015fi\u015fleri bakanlar\u0131 Kahire&#8217;deki g\u00f6r\u00fc\u015fmelerinin ard\u0131ndan bug\u00fcnden itibaren Suriye Arap Cumhuriyeti delegasyonlar\u0131n\u0131n birlik Konseyi ve ona ba\u011fl\u0131 t\u00fcm kurum ve kurulu\u015flar\u0131n toplant\u0131lar\u0131na kat\u0131l\u0131m\u0131n\u0131n yeniden ba\u015flat\u0131lmas\u0131n\u0131 onaylad\u0131klar\u0131 8914 say\u0131l\u0131 Karar\u0131 yay\u0131nlad\u0131lar. Karar\u0131n tam metni \u015f\u00f6yle: M\u0131s\u0131r Arap Cumhuriyeti ba\u015fkanl\u0131\u011f\u0131ndaki bakanlar d\u00fczeyindeki Arap Devletleri Birli\u011fi Konseyi, 7 May\u0131s 2023 Pazar g\u00fcn\u00fc ger\u00e7ekle\u015ftirilen ola\u011fan\u00fcst\u00fc &hellip;<\/p>\n","protected":false},"author":41,"featured_media":280251,"comment_status":"closed","ping_status":"closed","sticky":false,"template":"","format":"standard","meta":{"footnotes":""},"categories":[458,459,17988],"tags":[],"class_list":["post-280250","post","type-post","status-publish","format-standard","has-post-thumbnail","","category-dunya1","category-haberler-arap-uluslararasi-politika","category-son-haberler"],"_links":{"self":[{"href":"https:\/\/archive.sana.sy\/tr\/index.php?rest_route=\/wp\/v2\/posts\/280250","targetHints":{"allow":["GET"]}}],"collection":[{"href":"https:\/\/archive.sana.sy\/tr\/index.php?rest_route=\/wp\/v2\/posts"}],"about":[{"href":"https:\/\/archive.sana.sy\/tr\/index.php?rest_route=\/wp\/v2\/types\/post"}],"author":[{"embeddable":true,"href":"https:\/\/archive.sana.sy\/tr\/index.php?rest_route=\/wp\/v2\/users\/41"}],"replies":[{"embeddable":true,"href":"https:\/\/archive.sana.sy\/tr\/index.php?rest_route=%2Fwp%2Fv2%2Fcomments&post=280250"}],"version-history":[{"count":0,"href":"https:\/\/archive.sana.sy\/tr\/index.php?rest_route=\/wp\/v2\/posts\/280250\/revisions"}],"wp:featuredmedia":[{"embeddable":true,"href":"https:\/\/archive.sana.sy\/tr\/index.php?rest_route=\/wp\/v2\/media\/280251"}],"wp:attachment":[{"href":"https:\/\/archive.sana.sy\/tr\/index.php?rest_route=%2Fwp%2Fv2%2Fmedia&parent=280250"}],"wp:term":[{"taxonomy":"category","embeddable":true,"href":"https:\/\/archive.sana.sy\/tr\/index.php?rest_route=%2Fwp%2Fv2%2Fcategories&post=280250"},{"taxonomy":"post_tag","embeddable":true,"href":"https:\/\/archive.sana.sy\/tr\/index.php?rest_route=%2Fwp%2Fv2%2Ftags&post=280250"}],"curies":[{"name":"wp","href":"https:\/\/api.w.org\/{rel}","templated":true}]}}