{"id":280254,"date":"2023-05-07T17:03:50","date_gmt":"2023-05-07T14:03:50","guid":{"rendered":"http:\/\/sana.sy\/tr\/?p=280254"},"modified":"2023-05-09T09:32:18","modified_gmt":"2023-05-09T06:32:18","slug":"disisleri-bakanligi-suriye-arap-devletleri-birligi-konseyinin-konsey-toplantilarina-katiliminin-yeniden-baslamasina-iliskin-verdigi-karari-ilgiyle-karsiladi","status":"publish","type":"post","link":"https:\/\/archive.sana.sy\/tr\/?p=280254","title":{"rendered":"Suriye, Arap Birli\u011fi&#8217;nin Karar\u0131n\u0131 \u0130lgiyle Kar\u015f\u0131l\u0131yor Ve Bir Sonraki A\u015faman\u0131n Etkili Ve Yap\u0131c\u0131 Bir Arap Yakla\u015f\u0131m\u0131 Gerektirdi\u011fini Vurguluyor"},"content":{"rendered":"<p><strong>\u015eAM<\/strong> &#8211; Suriye, Arap Devletleri Birli\u011fi Konseyi&#8217;nin bug\u00fcn ola\u011fan\u00fcst\u00fc oturumunda al\u0131nan karar\u0131 s\u0131k\u0131 takip etti\u011fini vurgulayarak, bir sonraki a\u015faman\u0131n ikili ve ortak d\u00fczeylerde etkili ve yap\u0131c\u0131 bir Arap yakla\u015f\u0131m\u0131 gerektirdi\u011fini kaydetti.<\/p>\n<p>D\u0131\u015fi\u015fleri Bakanl\u0131\u011f\u0131, \u2018\u2019Arap Devletleri Birli\u011fi Konseyi&#8217;nin 7 May\u0131s 2023&#8217;te Arap Birli\u011fi Genel Sekreterli\u011fi karargah\u0131nda d\u0131\u015fi\u015fleri bakanlar\u0131 d\u00fczeyinde yapt\u0131\u011f\u0131 ola\u011fan\u00fcst\u00fc toplant\u0131da Suriye Arap Cumhuriyeti H\u00fck\u00fcmeti delegasyonlar\u0131n\u0131n bug\u00fcnden itibaren Lig Konseyi ve ona ba\u011fl\u0131 t\u00fcm kurum ve kurulu\u015flar\u0131n toplant\u0131lar\u0131na kat\u0131l\u0131m\u0131n\u0131n yeniden ba\u015flamas\u0131na ili\u015fkin olarak ald\u0131\u011f\u0131 karar Suriye&#8217;yi ilgiyle kar\u015f\u0131lad\u0131. Ayn\u0131 ba\u011flamda, Arap \u00fclkelerinin kar\u015f\u0131 kar\u015f\u0131ya oldu\u011fu zorluklarla y\u00fczle\u015fmek i\u00e7in diyalog ve ortak eylemin \u00f6nemini vurgulamaktad\u0131r.\u2019\u2019 dedi.<\/p>\n<p>Bakanl\u0131k yapt\u0131\u011f\u0131 a\u00e7\u0131klamada ayr\u0131ca, \u2018\u2019 Arap Devletleri Birli\u011fi&#8217;nin kurucu \u00fcyesi Suriye, ortak Arap eylemi ve i\u015fbirli\u011fini g\u00fc\u00e7lendirme ihtiyac\u0131 konusundaki s\u00fcrekli tutumunu tazeliyor. \u00a0Bir sonraki a\u015faman\u0131n, diyaloga, kar\u015f\u0131l\u0131kl\u0131 sayg\u0131ya ve Arap ulusunun ortak \u00e7\u0131karlar\u0131na dayal\u0131, ikili ve kolektif d\u00fczeylerde etkili ve yap\u0131c\u0131 bir Arap yakla\u015f\u0131m\u0131 gerektirdi\u011fini vurgulyor.\u2019\u2019 ifadelerini s\u00f6zlerine ekledi.<\/p>\n<p>&nbsp;<\/p>\n<p>R.M.<\/p>\n<p><a href=\"https:\/\/t.me\/SuriyeArapHaberAjansI\">Telegram Kanal\u0131m\u0131z\u00a0<\/a><\/p>\n<p><a href=\"https:\/\/www.facebook.com\/SANAHaberAjansi\/\">Facebook Sayfam\u0131z<\/a><\/p>\n","protected":false},"excerpt":{"rendered":"<p>\u015eAM &#8211; Suriye, Arap Devletleri Birli\u011fi Konseyi&#8217;nin bug\u00fcn ola\u011fan\u00fcst\u00fc oturumunda al\u0131nan karar\u0131 s\u0131k\u0131 takip etti\u011fini vurgulayarak, bir sonraki a\u015faman\u0131n ikili ve ortak d\u00fczeylerde etkili ve yap\u0131c\u0131 bir Arap yakla\u015f\u0131m\u0131 gerektirdi\u011fini kaydetti. D\u0131\u015fi\u015fleri Bakanl\u0131\u011f\u0131, \u2018\u2019Arap Devletleri Birli\u011fi Konseyi&#8217;nin 7 May\u0131s 2023&#8217;te Arap Birli\u011fi Genel Sekreterli\u011fi karargah\u0131nda d\u0131\u015fi\u015fleri bakanlar\u0131 d\u00fczeyinde yapt\u0131\u011f\u0131 ola\u011fan\u00fcst\u00fc toplant\u0131da Suriye Arap Cumhuriyeti H\u00fck\u00fcmeti &hellip;<\/p>\n","protected":false},"author":41,"featured_media":280255,"comment_status":"closed","ping_status":"closed","sticky":false,"template":"","format":"standard","meta":{"footnotes":""},"categories":[479,17988,478],"tags":[],"class_list":["post-280254","post","type-post","status-publish","format-standard","has-post-thumbnail","","category-haberler-yerel","category-son-haberler","category-yerel"],"_links":{"self":[{"href":"https:\/\/archive.sana.sy\/tr\/index.php?rest_route=\/wp\/v2\/posts\/280254","targetHints":{"allow":["GET"]}}],"collection":[{"href":"https:\/\/archive.sana.sy\/tr\/index.php?rest_route=\/wp\/v2\/posts"}],"about":[{"href":"https:\/\/archive.sana.sy\/tr\/index.php?rest_route=\/wp\/v2\/types\/post"}],"author":[{"embeddable":true,"href":"https:\/\/archive.sana.sy\/tr\/index.php?rest_route=\/wp\/v2\/users\/41"}],"replies":[{"embeddable":true,"href":"https:\/\/archive.sana.sy\/tr\/index.php?rest_route=%2Fwp%2Fv2%2Fcomments&post=280254"}],"version-history":[{"count":0,"href":"https:\/\/archive.sana.sy\/tr\/index.php?rest_route=\/wp\/v2\/posts\/280254\/revisions"}],"wp:featuredmedia":[{"embeddable":true,"href":"https:\/\/archive.sana.sy\/tr\/index.php?rest_route=\/wp\/v2\/media\/280255"}],"wp:attachment":[{"href":"https:\/\/archive.sana.sy\/tr\/index.php?rest_route=%2Fwp%2Fv2%2Fmedia&parent=280254"}],"wp:term":[{"taxonomy":"category","embeddable":true,"href":"https:\/\/archive.sana.sy\/tr\/index.php?rest_route=%2Fwp%2Fv2%2Fcategories&post=280254"},{"taxonomy":"post_tag","embeddable":true,"href":"https:\/\/archive.sana.sy\/tr\/index.php?rest_route=%2Fwp%2Fv2%2Ftags&post=280254"}],"curies":[{"name":"wp","href":"https:\/\/api.w.org\/{rel}","templated":true}]}}