{"id":280259,"date":"2023-05-07T14:00:59","date_gmt":"2023-05-07T11:00:59","guid":{"rendered":"http:\/\/sana.sy\/tr\/?p=280259"},"modified":"2023-05-08T08:44:31","modified_gmt":"2023-05-08T05:44:31","slug":"rsb-32-ukrayna-ihasini-imha-ettik","status":"publish","type":"post","link":"https:\/\/archive.sana.sy\/tr\/?p=280259","title":{"rendered":"Rusya Savunma Bakanl\u0131\u011f\u0131: 32 Ukrayna \u0130HAs\u0131\u2019n\u0131 \u0130mha Ettik"},"content":{"rendered":"<p><strong>MOSKOVA<\/strong>&#8211; Rusya Savunma Bakanl\u0131\u011f\u0131, son 24 saat i\u00e7inde d\u00fczenledi\u011fi \u00f6zel askeri harek\u00e2t\u0131n, m\u00fchimmat depolar\u0131, top\u00e7u silahlar\u0131 ve Ukrayna askeri komuta merkezlerinin imha edilmesinin yan\u0131 s\u0131ra 32 y\u00fcr\u00fcy\u00fc\u015f\u00fcn vurularak etkisiz hale getirilmesiyle sonu\u00e7land\u0131\u011f\u0131n\u0131 duyurdu.<\/p>\n<p>Bakanl\u0131k yapt\u0131\u011f\u0131 g\u00fcnl\u00fck a\u00e7\u0131klamada, \u2018\u2019Gece boyunca Karadeniz \u00fczerinde 22 Ukrayna sald\u0131r\u0131 u\u00e7a\u011f\u0131 tespit edildi ve t\u00fcm insans\u0131z hava ara\u00e7lar\u0131 ya u\u00e7aksavar f\u00fcze sistemlerinden at\u0131lan ate\u015fle imha edildi ya da elektronik harp yoluyla etkisiz hale getirildi.\u2019\u2019 dedi.<\/p>\n<p>a\u00e7\u0131klamaya g\u00f6re, Rus kuvvetleri Donetsk ekseninde ilerleyi\u015fini s\u00fcrd\u00fcrd\u00fc ve Artemovsk \u015fehrinin \u201cBakhmut\u201d kuzeybat\u0131 ve bat\u0131 kesimlerindeki di\u011fer iki mahalleyi kontrol alt\u0131na ald\u0131 ve Ukrayna kuvvetlerinin bu eksendeki kay\u0131plar\u0131 340&#8217;tan fazla yabanc\u0131 asker ve paral\u0131 askere ula\u015ft\u0131.<\/p>\n<p>Raporda ayr\u0131ca, 4 Ukraynal\u0131 sabotaj ve ke\u015fif grubu etkisiz hale getirildi ve Kobyanik ekseninde 85&#8217;ten fazla d\u00fc\u015fman askeri, Krasny Lyman ekseninde 75 asker tasfiye edildi\u011fne ve \u00a0G\u00fcney Donetsk ve Zaporozhye&#8217;nin baltalar\u0131nda 55 asker ve Herson ekseninde di\u011fer 40 askerin bir grup sabotaj, ke\u015fif ve tasfiyesi etkisiz hale getirildi\u011fine dikkat \u00e7ekildi.<\/p>\n<p>Bakanl\u0131\u011f\u0131n a\u00e7\u0131klamas\u0131nda, 98 Ukrayna top\u00e7u birli\u011finin at\u0131\u015f mevzilerinde ve Ukrayna g\u00fc\u00e7lerinin vuruldu\u011fu belirtilirken, Harkov b\u00f6lgesinde Ukraynal\u0131 ter\u00f6rist \u201cSa\u011f Sekt\u00f6r\u201d \u00f6rg\u00fct\u00fcn\u00fcn bir birli\u011fine ait bir m\u00fchimmat deposunun, Donetsk&#8217;te ise Amerikan yap\u0131m\u0131 3 bataryasavar radar istasyonunun imha edilmesine ve 124. B\u00f6lgesel Savunma Tugay\u0131&#8217;n\u0131n Herson yak\u0131nlar\u0131ndaki komuta merkezi vuruldu ve 81. Hava \u0130ndirme Tugay\u0131&#8217;n\u0131n Donetsk&#8217;teki ileti\u015fim merkezi ve 110. Mekanize Tugay taburunun Donetsk&#8217;teki komuta ve kontrol merkezleri imha edildi\u011fine i\u015faret edildi.<\/p>\n<p>A\u00e7\u0131klamada ayr\u0131ca, &#8220;Himars&#8221; f\u00fcze rampas\u0131, bir Grom-2 operasyonel taktik f\u00fczesi ve &#8220;Tochka-O&#8221; taktik f\u00fczesinden 5 f\u00fczenin \u00f6nlendi\u011fi, ayr\u0131ca ayr\u0131 alanlarda 10 insans\u0131z hava arac\u0131n\u0131n d\u00fc\u015f\u00fcr\u00fcld\u00fc\u011f\u00fc belirtildi.<\/p>\n<p>R.M.<\/p>\n<p><a href=\"https:\/\/t.me\/SuriyeArapHaberAjansI\">Telegram Kanal\u0131m\u0131z\u00a0<\/a><\/p>\n<p><a href=\"https:\/\/www.facebook.com\/SANAHaberAjansi\/\">Facebook Sayfam\u0131z<\/a><\/p>\n","protected":false},"excerpt":{"rendered":"<p>MOSKOVA&#8211; Rusya Savunma Bakanl\u0131\u011f\u0131, son 24 saat i\u00e7inde d\u00fczenledi\u011fi \u00f6zel askeri harek\u00e2t\u0131n, m\u00fchimmat depolar\u0131, top\u00e7u silahlar\u0131 ve Ukrayna askeri komuta merkezlerinin imha edilmesinin yan\u0131 s\u0131ra 32 y\u00fcr\u00fcy\u00fc\u015f\u00fcn vurularak etkisiz hale getirilmesiyle sonu\u00e7land\u0131\u011f\u0131n\u0131 duyurdu. Bakanl\u0131k yapt\u0131\u011f\u0131 g\u00fcnl\u00fck a\u00e7\u0131klamada, \u2018\u2019Gece boyunca Karadeniz \u00fczerinde 22 Ukrayna sald\u0131r\u0131 u\u00e7a\u011f\u0131 tespit edildi ve t\u00fcm insans\u0131z hava ara\u00e7lar\u0131 ya u\u00e7aksavar f\u00fcze &hellip;<\/p>\n","protected":false},"author":41,"featured_media":280260,"comment_status":"closed","ping_status":"closed","sticky":false,"template":"","format":"standard","meta":{"footnotes":""},"categories":[458,459,17988],"tags":[],"class_list":["post-280259","post","type-post","status-publish","format-standard","has-post-thumbnail","","category-dunya1","category-haberler-arap-uluslararasi-politika","category-son-haberler"],"_links":{"self":[{"href":"https:\/\/archive.sana.sy\/tr\/index.php?rest_route=\/wp\/v2\/posts\/280259","targetHints":{"allow":["GET"]}}],"collection":[{"href":"https:\/\/archive.sana.sy\/tr\/index.php?rest_route=\/wp\/v2\/posts"}],"about":[{"href":"https:\/\/archive.sana.sy\/tr\/index.php?rest_route=\/wp\/v2\/types\/post"}],"author":[{"embeddable":true,"href":"https:\/\/archive.sana.sy\/tr\/index.php?rest_route=\/wp\/v2\/users\/41"}],"replies":[{"embeddable":true,"href":"https:\/\/archive.sana.sy\/tr\/index.php?rest_route=%2Fwp%2Fv2%2Fcomments&post=280259"}],"version-history":[{"count":0,"href":"https:\/\/archive.sana.sy\/tr\/index.php?rest_route=\/wp\/v2\/posts\/280259\/revisions"}],"wp:featuredmedia":[{"embeddable":true,"href":"https:\/\/archive.sana.sy\/tr\/index.php?rest_route=\/wp\/v2\/media\/280260"}],"wp:attachment":[{"href":"https:\/\/archive.sana.sy\/tr\/index.php?rest_route=%2Fwp%2Fv2%2Fmedia&parent=280259"}],"wp:term":[{"taxonomy":"category","embeddable":true,"href":"https:\/\/archive.sana.sy\/tr\/index.php?rest_route=%2Fwp%2Fv2%2Fcategories&post=280259"},{"taxonomy":"post_tag","embeddable":true,"href":"https:\/\/archive.sana.sy\/tr\/index.php?rest_route=%2Fwp%2Fv2%2Ftags&post=280259"}],"curies":[{"name":"wp","href":"https:\/\/api.w.org\/{rel}","templated":true}]}}