{"id":280269,"date":"2023-05-07T23:05:20","date_gmt":"2023-05-07T20:05:20","guid":{"rendered":"https:\/\/www.sana.sy\/tr\/?p=280269"},"modified":"2023-05-09T09:32:40","modified_gmt":"2023-05-09T06:32:40","slug":"cumhurbaskani-bessar-esad-seyh-muhammed-bin-zayid-al-nahyan-ile-telefon-gorusmesi-gerceklestirdi-gorusmede-arap-arenasindaki-olumlu-gelismeler-ele-alindi","status":"publish","type":"post","link":"https:\/\/archive.sana.sy\/tr\/?p=280269","title":{"rendered":"Cumhurba\u015fkan\u0131 Be\u015f\u015far Esad, \u015eeyh Muhammed Bin Zayid Al Nahyan \u0130le Telefon G\u00f6r\u00fc\u015fmesi Ger\u00e7ekle\u015ftirdi, G\u00f6r\u00fc\u015fmede Arap Arenas\u0131ndaki Olumlu Geli\u015fmeler Ele Al\u0131nd\u0131"},"content":{"rendered":"<p><strong>\u015eAM<\/strong> &#8211; Say\u0131n Cumhurba\u015fkan\u0131 Be\u015f\u015far Esad, Birle\u015fik Arap Emirlikleri Devlet Ba\u015fkan\u0131 \u015eeyh Muhammed bin Zayid Al Nahyan ile telefon g\u00f6r\u00fc\u015fmesi ger\u00e7ekle\u015ftirdi.<\/p>\n<p>G\u00f6r\u00fc\u015fmede iki cumhurba\u015fkan\u0131 Arap arenas\u0131ndaki olumlu geli\u015fmeleri ele ald\u0131.<\/p>\n<p>Cumhurba\u015fkan\u0131 Esad, Arap ili\u015fkilerini ortak Arap i\u015fbirli\u011fini geli\u015ftirecek ve Arap \u00fclkeleri ve halklar\u0131n\u0131n \u00e7\u0131karlar\u0131na hizmet edecek \u015fekilde yeniden birle\u015ftirmek ve geli\u015ftirmek i\u00e7in BAE&#8217;nin oynad\u0131\u011f\u0131 rol\u00fc Suriye&#8217;nin takdirini ifade etti.<\/p>\n<p>G\u00f6r\u00fc\u015fmede ayr\u0131ca, Suriye ile BAE aras\u0131ndaki bir\u00e7ok alanda ikili ili\u015fkiler ve s\u00fcrekli i\u015fbirli\u011fi ele al\u0131nd\u0131.<\/p>\n<p>&nbsp;<\/p>\n<p>&nbsp;<\/p>\n<p>R.M.<\/p>\n<p><a href=\"https:\/\/t.me\/SuriyeArapHaberAjansI\">Telegram Kanal\u0131m\u0131z\u00a0<\/a><\/p>\n<p><a href=\"https:\/\/www.facebook.com\/SANAHaberAjansi\/\">Facebook Sayfam\u0131z<\/a><\/p>\n","protected":false},"excerpt":{"rendered":"<p>\u015eAM &#8211; Say\u0131n Cumhurba\u015fkan\u0131 Be\u015f\u015far Esad, Birle\u015fik Arap Emirlikleri Devlet Ba\u015fkan\u0131 \u015eeyh Muhammed bin Zayid Al Nahyan ile telefon g\u00f6r\u00fc\u015fmesi ger\u00e7ekle\u015ftirdi. G\u00f6r\u00fc\u015fmede iki cumhurba\u015fkan\u0131 Arap arenas\u0131ndaki olumlu geli\u015fmeleri ele ald\u0131. Cumhurba\u015fkan\u0131 Esad, Arap ili\u015fkilerini ortak Arap i\u015fbirli\u011fini geli\u015ftirecek ve Arap \u00fclkeleri ve halklar\u0131n\u0131n \u00e7\u0131karlar\u0131na hizmet edecek \u015fekilde yeniden birle\u015ftirmek ve geli\u015ftirmek i\u00e7in BAE&#8217;nin oynad\u0131\u011f\u0131 rol\u00fc &hellip;<\/p>\n","protected":false},"author":41,"featured_media":280270,"comment_status":"closed","ping_status":"closed","sticky":false,"template":"","format":"standard","meta":{"footnotes":""},"categories":[606,605,17988],"tags":[],"class_list":["post-280269","post","type-post","status-publish","format-standard","has-post-thumbnail","","category-cumhurbaskani","category-sayin-cumhurbaskani","category-son-haberler"],"_links":{"self":[{"href":"https:\/\/archive.sana.sy\/tr\/index.php?rest_route=\/wp\/v2\/posts\/280269","targetHints":{"allow":["GET"]}}],"collection":[{"href":"https:\/\/archive.sana.sy\/tr\/index.php?rest_route=\/wp\/v2\/posts"}],"about":[{"href":"https:\/\/archive.sana.sy\/tr\/index.php?rest_route=\/wp\/v2\/types\/post"}],"author":[{"embeddable":true,"href":"https:\/\/archive.sana.sy\/tr\/index.php?rest_route=\/wp\/v2\/users\/41"}],"replies":[{"embeddable":true,"href":"https:\/\/archive.sana.sy\/tr\/index.php?rest_route=%2Fwp%2Fv2%2Fcomments&post=280269"}],"version-history":[{"count":0,"href":"https:\/\/archive.sana.sy\/tr\/index.php?rest_route=\/wp\/v2\/posts\/280269\/revisions"}],"wp:featuredmedia":[{"embeddable":true,"href":"https:\/\/archive.sana.sy\/tr\/index.php?rest_route=\/wp\/v2\/media\/280270"}],"wp:attachment":[{"href":"https:\/\/archive.sana.sy\/tr\/index.php?rest_route=%2Fwp%2Fv2%2Fmedia&parent=280269"}],"wp:term":[{"taxonomy":"category","embeddable":true,"href":"https:\/\/archive.sana.sy\/tr\/index.php?rest_route=%2Fwp%2Fv2%2Fcategories&post=280269"},{"taxonomy":"post_tag","embeddable":true,"href":"https:\/\/archive.sana.sy\/tr\/index.php?rest_route=%2Fwp%2Fv2%2Ftags&post=280269"}],"curies":[{"name":"wp","href":"https:\/\/api.w.org\/{rel}","templated":true}]}}