{"id":280287,"date":"2023-05-08T11:02:24","date_gmt":"2023-05-08T08:02:24","guid":{"rendered":"https:\/\/sana.sy\/tr\/?p=280287"},"modified":"2023-05-09T13:22:00","modified_gmt":"2023-05-09T10:22:00","slug":"arap-parlamentosu-suriyenin-arap-birligine-donusu-ortak-arap-cikarlarina-hizmet-ediyor","status":"publish","type":"post","link":"https:\/\/archive.sana.sy\/tr\/?p=280287","title":{"rendered":"Arap Parlamentosu: Suriye&#8217;nin Arap Birli\u011fi&#8217;ne D\u00f6n\u00fc\u015f\u00fc Ortak Arap \u00c7\u0131karlar\u0131na Hizmet Ediyor"},"content":{"rendered":"<p><strong>KAH\u0130RE<\/strong>&#8211; Arap Parlamentosu, Arap d\u0131\u015fi\u015fleri bakanlar\u0131n\u0131n Suriye&#8217;nin Arap Devletleri Ligi Konseyi toplant\u0131lar\u0131na kat\u0131l\u0131m\u0131na devam etme karar\u0131n\u0131 memnuniyetle kar\u015f\u0131lad\u0131.<\/p>\n<p>Parlamento, internet sitesinden yapt\u0131\u011f\u0131 a\u00e7\u0131klamada, bu karar\u0131n t\u00fcm Arap halklar\u0131n\u0131 birle\u015ftiren ortak Arap \u00e7\u0131karlar\u0131 ve karde\u015flik ili\u015fkileri ile uyumlu oldu\u011funu, Suriye&#8217;nin toprak b\u00fct\u00fcnl\u00fc\u011f\u00fcn\u00fcn g\u00fc\u00e7lendirilmesine ve toprak b\u00fct\u00fcnl\u00fc\u011f\u00fcn\u00fcn korunmas\u0131na katk\u0131 sa\u011flayaca\u011f\u0131n\u0131 belirtti.<\/p>\n<p>Parlamento, bu ad\u0131m\u0131n olumlu bir geli\u015fme oldu\u011funu ve Suriye&#8217;deki krizi \u00e7\u00f6zmek i\u00e7in Arap i\u015fbirli\u011fini geli\u015ftirmek i\u00e7in \u00f6nemli bir ad\u0131m oldu\u011funa i\u015faret etti.<\/p>\n<p><a href=\"https:\/\/t.me\/SuriyeArapHaberAjansI\">Telegram Kanal\u0131m\u0131z\u00a0<\/a><\/p>\n<p><a href=\"https:\/\/www.facebook.com\/SANAHaberAjansi\/\">Facebook Sayfam\u0131z<\/a><\/p>\n","protected":false},"excerpt":{"rendered":"<p>KAH\u0130RE&#8211; Arap Parlamentosu, Arap d\u0131\u015fi\u015fleri bakanlar\u0131n\u0131n Suriye&#8217;nin Arap Devletleri Ligi Konseyi toplant\u0131lar\u0131na kat\u0131l\u0131m\u0131na devam etme karar\u0131n\u0131 memnuniyetle kar\u015f\u0131lad\u0131. Parlamento, internet sitesinden yapt\u0131\u011f\u0131 a\u00e7\u0131klamada, bu karar\u0131n t\u00fcm Arap halklar\u0131n\u0131 birle\u015ftiren ortak Arap \u00e7\u0131karlar\u0131 ve karde\u015flik ili\u015fkileri ile uyumlu oldu\u011funu, Suriye&#8217;nin toprak b\u00fct\u00fcnl\u00fc\u011f\u00fcn\u00fcn g\u00fc\u00e7lendirilmesine ve toprak b\u00fct\u00fcnl\u00fc\u011f\u00fcn\u00fcn korunmas\u0131na katk\u0131 sa\u011flayaca\u011f\u0131n\u0131 belirtti. Parlamento, bu ad\u0131m\u0131n olumlu bir geli\u015fme &hellip;<\/p>\n","protected":false},"author":39,"featured_media":280288,"comment_status":"closed","ping_status":"closed","sticky":false,"template":"","format":"standard","meta":{"footnotes":""},"categories":[458,459,17988],"tags":[],"class_list":["post-280287","post","type-post","status-publish","format-standard","has-post-thumbnail","","category-dunya1","category-haberler-arap-uluslararasi-politika","category-son-haberler"],"_links":{"self":[{"href":"https:\/\/archive.sana.sy\/tr\/index.php?rest_route=\/wp\/v2\/posts\/280287","targetHints":{"allow":["GET"]}}],"collection":[{"href":"https:\/\/archive.sana.sy\/tr\/index.php?rest_route=\/wp\/v2\/posts"}],"about":[{"href":"https:\/\/archive.sana.sy\/tr\/index.php?rest_route=\/wp\/v2\/types\/post"}],"author":[{"embeddable":true,"href":"https:\/\/archive.sana.sy\/tr\/index.php?rest_route=\/wp\/v2\/users\/39"}],"replies":[{"embeddable":true,"href":"https:\/\/archive.sana.sy\/tr\/index.php?rest_route=%2Fwp%2Fv2%2Fcomments&post=280287"}],"version-history":[{"count":0,"href":"https:\/\/archive.sana.sy\/tr\/index.php?rest_route=\/wp\/v2\/posts\/280287\/revisions"}],"wp:featuredmedia":[{"embeddable":true,"href":"https:\/\/archive.sana.sy\/tr\/index.php?rest_route=\/wp\/v2\/media\/280288"}],"wp:attachment":[{"href":"https:\/\/archive.sana.sy\/tr\/index.php?rest_route=%2Fwp%2Fv2%2Fmedia&parent=280287"}],"wp:term":[{"taxonomy":"category","embeddable":true,"href":"https:\/\/archive.sana.sy\/tr\/index.php?rest_route=%2Fwp%2Fv2%2Fcategories&post=280287"},{"taxonomy":"post_tag","embeddable":true,"href":"https:\/\/archive.sana.sy\/tr\/index.php?rest_route=%2Fwp%2Fv2%2Ftags&post=280287"}],"curies":[{"name":"wp","href":"https:\/\/api.w.org\/{rel}","templated":true}]}}