{"id":280290,"date":"2023-05-08T11:01:40","date_gmt":"2023-05-08T08:01:40","guid":{"rendered":"https:\/\/sana.sy\/tr\/?p=280290"},"modified":"2023-05-09T13:21:52","modified_gmt":"2023-05-09T10:21:52","slug":"iran-suriyenin-arap-birligi-toplantilarina-katilimina-devam-etme-kararini-memnuniyetle-karsiladi","status":"publish","type":"post","link":"https:\/\/archive.sana.sy\/tr\/?p=280290","title":{"rendered":"\u0130ran, Suriye&#8217;nin Arap Birli\u011fi Toplant\u0131lar\u0131na Kat\u0131l\u0131m\u0131na Devam Etme Karar\u0131n\u0131 Memnuniyetle Kar\u015f\u0131lad\u0131"},"content":{"rendered":"<p><strong>TAHRAN \u2013 <\/strong>\u0130ran D\u0131\u015fi\u015fleri Bakanl\u0131\u011f\u0131, Arap d\u0131\u015fi\u015fleri bakanlar\u0131n\u0131n Suriye&#8217;nin Arap Devletleri Birli\u011fi Konseyi toplant\u0131lar\u0131na kat\u0131l\u0131m\u0131na devam etme karar\u0131n\u0131 memnuniyetle kar\u015f\u0131lad\u0131.<\/p>\n<p>Bakanl\u0131k s\u00f6zc\u00fcs\u00fc Nasser Kanaani bug\u00fcn IRNA&#8217;n\u0131n haberine g\u00f6re yapt\u0131\u011f\u0131 a\u00e7\u0131klamada, &#8220;\u0130slam \u00fclkeleri aras\u0131ndaki farkl\u0131l\u0131klar\u0131n giderilmesi ve aralar\u0131ndaki yak\u0131nla\u015fma ve sinerjinin istikrar ve kapsaml\u0131 bar\u0131\u015f\u0131n tesis edilmesinde olumlu sonu\u00e7lar\u0131 oldu\u011fu gibi, ayn\u0131 zamanda b\u00f6lgesel meselelere d\u0131\u015f m\u00fcdahalenin en aza indirilmesi i\u00e7in zemin haz\u0131rl\u0131yor\u201d dedi.<\/p>\n<p>Kanaani ayr\u0131ca, &#8220;\u0130ran \u0130slam Cumhuriyeti bu yakla\u015f\u0131m\u0131 memnuniyetle kar\u015f\u0131l\u0131yor&#8221; belirtti.<\/p>\n<p><a href=\"https:\/\/t.me\/SuriyeArapHaberAjansI\">Telegram Kanal\u0131m\u0131z\u00a0<\/a><\/p>\n<p><a href=\"https:\/\/www.facebook.com\/SANAHaberAjansi\/\">Facebook Sayfam\u0131z<\/a><\/p>\n","protected":false},"excerpt":{"rendered":"<p>TAHRAN \u2013 \u0130ran D\u0131\u015fi\u015fleri Bakanl\u0131\u011f\u0131, Arap d\u0131\u015fi\u015fleri bakanlar\u0131n\u0131n Suriye&#8217;nin Arap Devletleri Birli\u011fi Konseyi toplant\u0131lar\u0131na kat\u0131l\u0131m\u0131na devam etme karar\u0131n\u0131 memnuniyetle kar\u015f\u0131lad\u0131. Bakanl\u0131k s\u00f6zc\u00fcs\u00fc Nasser Kanaani bug\u00fcn IRNA&#8217;n\u0131n haberine g\u00f6re yapt\u0131\u011f\u0131 a\u00e7\u0131klamada, &#8220;\u0130slam \u00fclkeleri aras\u0131ndaki farkl\u0131l\u0131klar\u0131n giderilmesi ve aralar\u0131ndaki yak\u0131nla\u015fma ve sinerjinin istikrar ve kapsaml\u0131 bar\u0131\u015f\u0131n tesis edilmesinde olumlu sonu\u00e7lar\u0131 oldu\u011fu gibi, ayn\u0131 zamanda b\u00f6lgesel meselelere d\u0131\u015f &hellip;<\/p>\n","protected":false},"author":39,"featured_media":280291,"comment_status":"closed","ping_status":"closed","sticky":false,"template":"","format":"standard","meta":{"footnotes":""},"categories":[458,459,17988],"tags":[],"class_list":["post-280290","post","type-post","status-publish","format-standard","has-post-thumbnail","","category-dunya1","category-haberler-arap-uluslararasi-politika","category-son-haberler"],"_links":{"self":[{"href":"https:\/\/archive.sana.sy\/tr\/index.php?rest_route=\/wp\/v2\/posts\/280290","targetHints":{"allow":["GET"]}}],"collection":[{"href":"https:\/\/archive.sana.sy\/tr\/index.php?rest_route=\/wp\/v2\/posts"}],"about":[{"href":"https:\/\/archive.sana.sy\/tr\/index.php?rest_route=\/wp\/v2\/types\/post"}],"author":[{"embeddable":true,"href":"https:\/\/archive.sana.sy\/tr\/index.php?rest_route=\/wp\/v2\/users\/39"}],"replies":[{"embeddable":true,"href":"https:\/\/archive.sana.sy\/tr\/index.php?rest_route=%2Fwp%2Fv2%2Fcomments&post=280290"}],"version-history":[{"count":0,"href":"https:\/\/archive.sana.sy\/tr\/index.php?rest_route=\/wp\/v2\/posts\/280290\/revisions"}],"wp:featuredmedia":[{"embeddable":true,"href":"https:\/\/archive.sana.sy\/tr\/index.php?rest_route=\/wp\/v2\/media\/280291"}],"wp:attachment":[{"href":"https:\/\/archive.sana.sy\/tr\/index.php?rest_route=%2Fwp%2Fv2%2Fmedia&parent=280290"}],"wp:term":[{"taxonomy":"category","embeddable":true,"href":"https:\/\/archive.sana.sy\/tr\/index.php?rest_route=%2Fwp%2Fv2%2Fcategories&post=280290"},{"taxonomy":"post_tag","embeddable":true,"href":"https:\/\/archive.sana.sy\/tr\/index.php?rest_route=%2Fwp%2Fv2%2Ftags&post=280290"}],"curies":[{"name":"wp","href":"https:\/\/api.w.org\/{rel}","templated":true}]}}