{"id":280293,"date":"2023-05-08T12:51:14","date_gmt":"2023-05-08T09:51:14","guid":{"rendered":"https:\/\/sana.sy\/tr\/?p=280293"},"modified":"2023-05-09T13:23:11","modified_gmt":"2023-05-09T10:23:11","slug":"amerikan-isgal-gucleri-suriye-petrolunu-calmaya-devam-ediyor-4","status":"publish","type":"post","link":"https:\/\/archive.sana.sy\/tr\/?p=280293","title":{"rendered":"Amerikan \u0130\u015fgal G\u00fc\u00e7leri Suriye Petrol\u00fcn\u00fc \u00c7almaya Devam Ediyor"},"content":{"rendered":"<p><strong>HASEKE<\/strong> \u2013 Amerikan i\u015fgal g\u00fc\u00e7leri Suriye petrol\u00fcn\u00fc \u00e7almaya devam ederek, ge\u00e7ti\u011fimiz saatlerde \u00e7al\u0131nt\u0131 petrol y\u00fckl\u00fc bir\u00e7ok tank\u0131 Irak ile yasad\u0131\u015f\u0131 El Mahmudiya ge\u00e7idinden \u00e7\u0131kard\u0131.<\/p>\n<p>El Yarubiye k\u0131rsal\u0131ndan yerel kaynaklar SANA muhabirine, \u2018\u2019El Cezire sahalar\u0131ndan \u00e7al\u0131nan petrolle dolu 33 tanktan olu\u015fan Amerikan i\u015fgal g\u00fc\u00e7lerine ait bir konvoy, yasad\u0131\u015f\u0131 El Mahmudiye ge\u00e7idinden \u00e7\u0131karak, kuzey Irak\u2019taki i\u015fgal \u00fcslerine do\u011fru yola \u00e7\u0131kt\u0131\u2019\u2019 dedi.<\/p>\n<p><a href=\"https:\/\/t.me\/SuriyeArapHaberAjansI\">Telegram Kanal\u0131m\u0131z\u00a0<\/a><\/p>\n<p><a href=\"https:\/\/www.facebook.com\/SANAHaberAjansi\/\">Facebook Sayfam\u0131z<\/a><\/p>\n","protected":false},"excerpt":{"rendered":"<p>HASEKE \u2013 Amerikan i\u015fgal g\u00fc\u00e7leri Suriye petrol\u00fcn\u00fc \u00e7almaya devam ederek, ge\u00e7ti\u011fimiz saatlerde \u00e7al\u0131nt\u0131 petrol y\u00fckl\u00fc bir\u00e7ok tank\u0131 Irak ile yasad\u0131\u015f\u0131 El Mahmudiya ge\u00e7idinden \u00e7\u0131kard\u0131. El Yarubiye k\u0131rsal\u0131ndan yerel kaynaklar SANA muhabirine, \u2018\u2019El Cezire sahalar\u0131ndan \u00e7al\u0131nan petrolle dolu 33 tanktan olu\u015fan Amerikan i\u015fgal g\u00fc\u00e7lerine ait bir konvoy, yasad\u0131\u015f\u0131 El Mahmudiye ge\u00e7idinden \u00e7\u0131karak, kuzey Irak\u2019taki i\u015fgal \u00fcslerine &hellip;<\/p>\n","protected":false},"author":39,"featured_media":280294,"comment_status":"closed","ping_status":"closed","sticky":false,"template":"","format":"standard","meta":{"footnotes":""},"categories":[479,575,17988,478],"tags":[],"class_list":["post-280293","post","type-post","status-publish","format-standard","has-post-thumbnail","","category-haberler-yerel","category-olaylar-ve-gercekler","category-son-haberler","category-yerel"],"_links":{"self":[{"href":"https:\/\/archive.sana.sy\/tr\/index.php?rest_route=\/wp\/v2\/posts\/280293","targetHints":{"allow":["GET"]}}],"collection":[{"href":"https:\/\/archive.sana.sy\/tr\/index.php?rest_route=\/wp\/v2\/posts"}],"about":[{"href":"https:\/\/archive.sana.sy\/tr\/index.php?rest_route=\/wp\/v2\/types\/post"}],"author":[{"embeddable":true,"href":"https:\/\/archive.sana.sy\/tr\/index.php?rest_route=\/wp\/v2\/users\/39"}],"replies":[{"embeddable":true,"href":"https:\/\/archive.sana.sy\/tr\/index.php?rest_route=%2Fwp%2Fv2%2Fcomments&post=280293"}],"version-history":[{"count":0,"href":"https:\/\/archive.sana.sy\/tr\/index.php?rest_route=\/wp\/v2\/posts\/280293\/revisions"}],"wp:featuredmedia":[{"embeddable":true,"href":"https:\/\/archive.sana.sy\/tr\/index.php?rest_route=\/wp\/v2\/media\/280294"}],"wp:attachment":[{"href":"https:\/\/archive.sana.sy\/tr\/index.php?rest_route=%2Fwp%2Fv2%2Fmedia&parent=280293"}],"wp:term":[{"taxonomy":"category","embeddable":true,"href":"https:\/\/archive.sana.sy\/tr\/index.php?rest_route=%2Fwp%2Fv2%2Fcategories&post=280293"},{"taxonomy":"post_tag","embeddable":true,"href":"https:\/\/archive.sana.sy\/tr\/index.php?rest_route=%2Fwp%2Fv2%2Ftags&post=280293"}],"curies":[{"name":"wp","href":"https:\/\/api.w.org\/{rel}","templated":true}]}}