{"id":280299,"date":"2023-05-08T13:13:27","date_gmt":"2023-05-08T10:13:27","guid":{"rendered":"https:\/\/sana.sy\/tr\/?p=280299"},"modified":"2023-05-09T13:23:15","modified_gmt":"2023-05-09T10:23:15","slug":"kanaani-cumhurbaskani-reisinin-suriye-ziyareti-iki-ulke-iliskilerinde-yeni-bir-yol-belirledi","status":"publish","type":"post","link":"https:\/\/archive.sana.sy\/tr\/?p=280299","title":{"rendered":"Kanaani: Cumhurba\u015fkan\u0131 Reisi&#8217;nin Suriye Ziyareti \u0130ki \u00dclke \u0130li\u015fkilerinde Yeni Bir Yol Belirledi"},"content":{"rendered":"<p><strong>TAHRAN \u2013 <\/strong>\u0130ran D\u0131\u015fi\u015fleri Bakanl\u0131\u011f\u0131 S\u00f6zc\u00fcs\u00fc Nasser Kanaani, Cumhurba\u015fkan\u0131 \u0130brahim Reisi&#8217;nin Suriye ziyaretinin iki \u00fclke ili\u015fkilerine yeni bir y\u00f6n vermesi a\u00e7\u0131s\u0131ndan \u00e7ok \u00f6nemli oldu\u011funu vurgulad\u0131.<\/p>\n<p>Kanaani, &#8220;IRNA&#8221; Ajans\u0131na g\u00f6re bug\u00fcn haftal\u0131k bas\u0131n toplant\u0131s\u0131nda, Ziyaret&#8221; direni\u015f ekseninin zaferinden sonra \u0130ran ve Suriye&#8217;nin geli\u015fmesinde \u00f6nemli olaylardan biri ve ter\u00f6r sonras\u0131 d\u00f6nemde iki \u00fclke ili\u015fkilerine yeni bir yol \u00e7izmek i\u00e7in b\u00fcy\u00fck bir f\u0131rsat oldu\u011funu&#8221; a\u00e7\u0131klad\u0131.<\/p>\n<p>Kanaani ayr\u0131ca, ziyaretin ama\u00e7lar\u0131ndan birinin, di\u011fer ikili i\u015fbirli\u011fi alanlar\u0131n\u0131n yan\u0131 s\u0131ra ekonomik ve ticari alanlarda iki \u00fclke aras\u0131ndaki ili\u015fkiler i\u00e7in yeni bir yol belirlemek oldu\u011funa dikkat \u00e7ekti.<\/p>\n<p><a href=\"https:\/\/t.me\/SuriyeArapHaberAjansI\">Telegram Kanal\u0131m\u0131z\u00a0<\/a><\/p>\n<p><a href=\"https:\/\/www.facebook.com\/SANAHaberAjansi\/\">Facebook Sayfam\u0131z<\/a><\/p>\n","protected":false},"excerpt":{"rendered":"<p>TAHRAN \u2013 \u0130ran D\u0131\u015fi\u015fleri Bakanl\u0131\u011f\u0131 S\u00f6zc\u00fcs\u00fc Nasser Kanaani, Cumhurba\u015fkan\u0131 \u0130brahim Reisi&#8217;nin Suriye ziyaretinin iki \u00fclke ili\u015fkilerine yeni bir y\u00f6n vermesi a\u00e7\u0131s\u0131ndan \u00e7ok \u00f6nemli oldu\u011funu vurgulad\u0131. Kanaani, &#8220;IRNA&#8221; Ajans\u0131na g\u00f6re bug\u00fcn haftal\u0131k bas\u0131n toplant\u0131s\u0131nda, Ziyaret&#8221; direni\u015f ekseninin zaferinden sonra \u0130ran ve Suriye&#8217;nin geli\u015fmesinde \u00f6nemli olaylardan biri ve ter\u00f6r sonras\u0131 d\u00f6nemde iki \u00fclke ili\u015fkilerine yeni bir yol &hellip;<\/p>\n","protected":false},"author":39,"featured_media":280300,"comment_status":"closed","ping_status":"closed","sticky":false,"template":"","format":"standard","meta":{"footnotes":""},"categories":[458,459,17988],"tags":[],"class_list":["post-280299","post","type-post","status-publish","format-standard","has-post-thumbnail","","category-dunya1","category-haberler-arap-uluslararasi-politika","category-son-haberler"],"_links":{"self":[{"href":"https:\/\/archive.sana.sy\/tr\/index.php?rest_route=\/wp\/v2\/posts\/280299","targetHints":{"allow":["GET"]}}],"collection":[{"href":"https:\/\/archive.sana.sy\/tr\/index.php?rest_route=\/wp\/v2\/posts"}],"about":[{"href":"https:\/\/archive.sana.sy\/tr\/index.php?rest_route=\/wp\/v2\/types\/post"}],"author":[{"embeddable":true,"href":"https:\/\/archive.sana.sy\/tr\/index.php?rest_route=\/wp\/v2\/users\/39"}],"replies":[{"embeddable":true,"href":"https:\/\/archive.sana.sy\/tr\/index.php?rest_route=%2Fwp%2Fv2%2Fcomments&post=280299"}],"version-history":[{"count":0,"href":"https:\/\/archive.sana.sy\/tr\/index.php?rest_route=\/wp\/v2\/posts\/280299\/revisions"}],"wp:featuredmedia":[{"embeddable":true,"href":"https:\/\/archive.sana.sy\/tr\/index.php?rest_route=\/wp\/v2\/media\/280300"}],"wp:attachment":[{"href":"https:\/\/archive.sana.sy\/tr\/index.php?rest_route=%2Fwp%2Fv2%2Fmedia&parent=280299"}],"wp:term":[{"taxonomy":"category","embeddable":true,"href":"https:\/\/archive.sana.sy\/tr\/index.php?rest_route=%2Fwp%2Fv2%2Fcategories&post=280299"},{"taxonomy":"post_tag","embeddable":true,"href":"https:\/\/archive.sana.sy\/tr\/index.php?rest_route=%2Fwp%2Fv2%2Ftags&post=280299"}],"curies":[{"name":"wp","href":"https:\/\/api.w.org\/{rel}","templated":true}]}}