{"id":280302,"date":"2023-05-08T14:02:10","date_gmt":"2023-05-08T11:02:10","guid":{"rendered":"https:\/\/sana.sy\/tr\/?p=280302"},"modified":"2023-05-09T13:23:21","modified_gmt":"2023-05-09T10:23:21","slug":"cin-suriyenin-arap-birligine-donusunu-memnuniyetle-karsiladi","status":"publish","type":"post","link":"https:\/\/archive.sana.sy\/tr\/?p=280302","title":{"rendered":"\u00c7in, Suriye&#8217;nin Arap Birli\u011fi&#8217;ne D\u00f6n\u00fc\u015f\u00fcn\u00fc Memnuniyetle Kar\u015f\u0131lad\u0131"},"content":{"rendered":"<p><strong>PEK\u0130N \u2013 <\/strong>\u00c7in, Suriye&#8217;nin Arap Devletleri Birli\u011fi&#8217;ne d\u00f6n\u00fc\u015f\u00fcn\u00fc memnuniyetle kar\u015f\u0131layarak, bu ad\u0131m\u0131n Arap d\u00fcnyas\u0131nda birlik ve \u00f6zg\u00fcvenin, Orta Do\u011fu&#8217;da ise bar\u0131\u015f ve istikrar\u0131n g\u00fc\u00e7lendirilmesine katk\u0131da bulunaca\u011f\u0131n\u0131 vurgulad\u0131.<\/p>\n<p>\u00c7in D\u0131\u015fi\u015fleri Bakanl\u0131\u011f\u0131 s\u00f6zc\u00fcs\u00fc Wang Wenbin bug\u00fcn d\u00fczenledi\u011fi bas\u0131n toplant\u0131s\u0131nda: \u201c\u00c7in, Suriye&#8217;nin Arap Birli\u011fi&#8217;ne d\u00f6n\u00fc\u015f\u00fcnden dolay\u0131 Suriye&#8217;yi memnuniyetle kar\u015f\u0131l\u0131yor ve tebrik ediyor ve\u00a0 bunun Arap \u00fclkelerinin birli\u011fi, kendine g\u00fcveni g\u00fc\u00e7lendirmesine ve kalk\u0131nmay\u0131 h\u0131zland\u0131rmas\u0131na, Arap d\u00fcnyas\u0131n\u0131 canland\u0131rmas\u0131na ve Ortado\u011fu&#8217;da bar\u0131\u015f ve istikrar\u0131 te\u015fvik etmesine yard\u0131mc\u0131 olaca\u011f\u0131na inan\u0131yor&#8221; dedi.<\/p>\n<p>S\u00f6zc\u00fc Wang, \u00c7in&#8217;in Suriye ve di\u011fer Arap \u00fclkelerinin samimi bir dostu olarak Arap dayan\u0131\u015fmas\u0131n\u0131 memnuniyetle kar\u015f\u0131lad\u0131\u011f\u0131n\u0131 ve destekledi\u011fini vurgulad\u0131.<\/p>\n<p><a href=\"https:\/\/t.me\/SuriyeArapHaberAjansI\">Telegram Kanal\u0131m\u0131z\u00a0<\/a><\/p>\n<p><a href=\"https:\/\/www.facebook.com\/SANAHaberAjansi\/\">Facebook Sayfam\u0131z<\/a><\/p>\n","protected":false},"excerpt":{"rendered":"<p>PEK\u0130N \u2013 \u00c7in, Suriye&#8217;nin Arap Devletleri Birli\u011fi&#8217;ne d\u00f6n\u00fc\u015f\u00fcn\u00fc memnuniyetle kar\u015f\u0131layarak, bu ad\u0131m\u0131n Arap d\u00fcnyas\u0131nda birlik ve \u00f6zg\u00fcvenin, Orta Do\u011fu&#8217;da ise bar\u0131\u015f ve istikrar\u0131n g\u00fc\u00e7lendirilmesine katk\u0131da bulunaca\u011f\u0131n\u0131 vurgulad\u0131. \u00c7in D\u0131\u015fi\u015fleri Bakanl\u0131\u011f\u0131 s\u00f6zc\u00fcs\u00fc Wang Wenbin bug\u00fcn d\u00fczenledi\u011fi bas\u0131n toplant\u0131s\u0131nda: \u201c\u00c7in, Suriye&#8217;nin Arap Birli\u011fi&#8217;ne d\u00f6n\u00fc\u015f\u00fcnden dolay\u0131 Suriye&#8217;yi memnuniyetle kar\u015f\u0131l\u0131yor ve tebrik ediyor ve\u00a0 bunun Arap \u00fclkelerinin birli\u011fi, kendine &hellip;<\/p>\n","protected":false},"author":39,"featured_media":280303,"comment_status":"closed","ping_status":"closed","sticky":false,"template":"","format":"standard","meta":{"footnotes":""},"categories":[458,459,17988],"tags":[],"class_list":["post-280302","post","type-post","status-publish","format-standard","has-post-thumbnail","","category-dunya1","category-haberler-arap-uluslararasi-politika","category-son-haberler"],"_links":{"self":[{"href":"https:\/\/archive.sana.sy\/tr\/index.php?rest_route=\/wp\/v2\/posts\/280302","targetHints":{"allow":["GET"]}}],"collection":[{"href":"https:\/\/archive.sana.sy\/tr\/index.php?rest_route=\/wp\/v2\/posts"}],"about":[{"href":"https:\/\/archive.sana.sy\/tr\/index.php?rest_route=\/wp\/v2\/types\/post"}],"author":[{"embeddable":true,"href":"https:\/\/archive.sana.sy\/tr\/index.php?rest_route=\/wp\/v2\/users\/39"}],"replies":[{"embeddable":true,"href":"https:\/\/archive.sana.sy\/tr\/index.php?rest_route=%2Fwp%2Fv2%2Fcomments&post=280302"}],"version-history":[{"count":0,"href":"https:\/\/archive.sana.sy\/tr\/index.php?rest_route=\/wp\/v2\/posts\/280302\/revisions"}],"wp:featuredmedia":[{"embeddable":true,"href":"https:\/\/archive.sana.sy\/tr\/index.php?rest_route=\/wp\/v2\/media\/280303"}],"wp:attachment":[{"href":"https:\/\/archive.sana.sy\/tr\/index.php?rest_route=%2Fwp%2Fv2%2Fmedia&parent=280302"}],"wp:term":[{"taxonomy":"category","embeddable":true,"href":"https:\/\/archive.sana.sy\/tr\/index.php?rest_route=%2Fwp%2Fv2%2Fcategories&post=280302"},{"taxonomy":"post_tag","embeddable":true,"href":"https:\/\/archive.sana.sy\/tr\/index.php?rest_route=%2Fwp%2Fv2%2Ftags&post=280302"}],"curies":[{"name":"wp","href":"https:\/\/api.w.org\/{rel}","templated":true}]}}