{"id":280356,"date":"2023-05-09T11:36:40","date_gmt":"2023-05-09T08:36:40","guid":{"rendered":"https:\/\/sana.sy\/tr\/?p=280356"},"modified":"2023-05-10T11:44:59","modified_gmt":"2023-05-10T08:44:59","slug":"putin-biz-donbass-halkini-ve-vatanimizi-koruyacagiz","status":"publish","type":"post","link":"https:\/\/archive.sana.sy\/tr\/?p=280356","title":{"rendered":"Putin: \u00a0Biz Donbass Halk\u0131n\u0131 Ve Vatan\u0131m\u0131z\u0131 Koruyaca\u011f\u0131z"},"content":{"rendered":"<p><strong>MOSKOVA \u2013 <\/strong>Rusya Devlet Ba\u015fkan\u0131 Vladimir Putin, &#8220;Rusya&#8217;n\u0131n d\u00fc\u015fmanlar\u0131, su\u00e7lu \u00fcst\u00fcnl\u00fck ideolojisiyle onu yok etmek ve B\u00fcy\u00fck Vatanseverlik Sava\u015f\u0131&#8217;n\u0131n sonu\u00e7lar\u0131n\u0131 yeniden yazmak istiyor, ancak biz d\u00fcnyay\u0131 herkes i\u00e7in daha bar\u0131\u015f\u00e7\u0131l, adil ve istikrarl\u0131 g\u00f6rmek istiyoruz&#8221; dedi.<\/p>\n<p><strong>\u00a0<\/strong>Devlet Ba\u015fkan\u0131 Putin, Nazizm&#8217;e kar\u015f\u0131 kazan\u0131lan zaferin 78. y\u0131ld\u00f6n\u00fcm\u00fc m\u00fcnasebetiyle yapt\u0131\u011f\u0131 konu\u015fmada, &#8220;Bat\u0131 bize kar\u015f\u0131 ger\u00e7ek bir sava\u015f y\u00fcr\u00fct\u00fcyor, ancak biz Donbass halk\u0131n\u0131 ve vatan\u0131m\u0131z\u0131 koruyaca\u011f\u0131z&#8221; \u00a0a\u00e7\u0131klamda bulunda.<\/p>\n<p>Putin ayr\u0131ca, &#8220;Ukrayna halk\u0131, Ukrayna&#8217;daki mevcut felaketin nedeni olan Kiev rejiminin darbesinin ve Bat\u0131&#8217;n\u0131n planlar\u0131n\u0131n rehinesi haline geldi&#8221; dedi.<\/p>\n<p><a href=\"https:\/\/t.me\/SuriyeArapHaberAjansI\">Telegram Kanal\u0131m\u0131z\u00a0<\/a><\/p>\n<p><a href=\"https:\/\/www.facebook.com\/SANAHaberAjansi\/\">Facebook Sayfam\u0131z<\/a><\/p>\n","protected":false},"excerpt":{"rendered":"<p>MOSKOVA \u2013 Rusya Devlet Ba\u015fkan\u0131 Vladimir Putin, &#8220;Rusya&#8217;n\u0131n d\u00fc\u015fmanlar\u0131, su\u00e7lu \u00fcst\u00fcnl\u00fck ideolojisiyle onu yok etmek ve B\u00fcy\u00fck Vatanseverlik Sava\u015f\u0131&#8217;n\u0131n sonu\u00e7lar\u0131n\u0131 yeniden yazmak istiyor, ancak biz d\u00fcnyay\u0131 herkes i\u00e7in daha bar\u0131\u015f\u00e7\u0131l, adil ve istikrarl\u0131 g\u00f6rmek istiyoruz&#8221; dedi. \u00a0Devlet Ba\u015fkan\u0131 Putin, Nazizm&#8217;e kar\u015f\u0131 kazan\u0131lan zaferin 78. y\u0131ld\u00f6n\u00fcm\u00fc m\u00fcnasebetiyle yapt\u0131\u011f\u0131 konu\u015fmada, &#8220;Bat\u0131 bize kar\u015f\u0131 ger\u00e7ek bir sava\u015f y\u00fcr\u00fct\u00fcyor, &hellip;<\/p>\n","protected":false},"author":39,"featured_media":280357,"comment_status":"closed","ping_status":"closed","sticky":false,"template":"","format":"standard","meta":{"footnotes":""},"categories":[458,459,17988],"tags":[],"class_list":["post-280356","post","type-post","status-publish","format-standard","has-post-thumbnail","","category-dunya1","category-haberler-arap-uluslararasi-politika","category-son-haberler"],"_links":{"self":[{"href":"https:\/\/archive.sana.sy\/tr\/index.php?rest_route=\/wp\/v2\/posts\/280356","targetHints":{"allow":["GET"]}}],"collection":[{"href":"https:\/\/archive.sana.sy\/tr\/index.php?rest_route=\/wp\/v2\/posts"}],"about":[{"href":"https:\/\/archive.sana.sy\/tr\/index.php?rest_route=\/wp\/v2\/types\/post"}],"author":[{"embeddable":true,"href":"https:\/\/archive.sana.sy\/tr\/index.php?rest_route=\/wp\/v2\/users\/39"}],"replies":[{"embeddable":true,"href":"https:\/\/archive.sana.sy\/tr\/index.php?rest_route=%2Fwp%2Fv2%2Fcomments&post=280356"}],"version-history":[{"count":0,"href":"https:\/\/archive.sana.sy\/tr\/index.php?rest_route=\/wp\/v2\/posts\/280356\/revisions"}],"wp:featuredmedia":[{"embeddable":true,"href":"https:\/\/archive.sana.sy\/tr\/index.php?rest_route=\/wp\/v2\/media\/280357"}],"wp:attachment":[{"href":"https:\/\/archive.sana.sy\/tr\/index.php?rest_route=%2Fwp%2Fv2%2Fmedia&parent=280356"}],"wp:term":[{"taxonomy":"category","embeddable":true,"href":"https:\/\/archive.sana.sy\/tr\/index.php?rest_route=%2Fwp%2Fv2%2Fcategories&post=280356"},{"taxonomy":"post_tag","embeddable":true,"href":"https:\/\/archive.sana.sy\/tr\/index.php?rest_route=%2Fwp%2Fv2%2Ftags&post=280356"}],"curies":[{"name":"wp","href":"https:\/\/api.w.org\/{rel}","templated":true}]}}