{"id":280359,"date":"2023-05-09T11:42:47","date_gmt":"2023-05-09T08:42:47","guid":{"rendered":"https:\/\/sana.sy\/tr\/?p=280359"},"modified":"2023-05-10T11:45:05","modified_gmt":"2023-05-10T08:45:05","slug":"derada-teror-orgutunun-isid-en-tehlikeli-iki-lideri-olduruldu","status":"publish","type":"post","link":"https:\/\/archive.sana.sy\/tr\/?p=280359","title":{"rendered":"Dera&#8217;da Ter\u00f6r \u00d6rg\u00fct\u00fcn\u00fcn &#8220;\u0130\u015e\u0130D&#8221; En Tehlikeli \u0130ki Lideri \u00d6ld\u00fcr\u00fcld\u00fc"},"content":{"rendered":"<p><strong>DERA \u2013 <\/strong>Bir g\u00fcvenlik kayna\u011f\u0131 SANA&#8217;ya vrdi\u011fi deme\u00e7te, ter\u00f6r \u00f6rg\u00fct\u00fc &#8220;\u0130\u015e\u0130D&#8221;in en tehlikeli iki liderinin Dera&#8217;da \u00f6ld\u00fcr\u00fcld\u00fc\u011f\u00fcn\u00fc \u00a0vurgulad\u0131.<\/p>\n<p>Kaynak, ter\u00f6ristlerin (Hasan El Hayik ve Nebil Abdullah) suikastlar\u0131 ger\u00e7ekle\u015ftirdi\u011fini, patlay\u0131c\u0131 cihazlar yerle\u015ftirdi\u011fini ve Dera kentinde sivillere ve askeri personele y\u00f6nelik tekrarlayan sald\u0131r\u0131lar\u0131 ger\u00e7ekle\u015ftirdi\u011fini belirtti.<\/p>\n<p>Kaynak ayr\u0131ca, \u201cTer\u00f6ristlerin elinde bulunan ve bir k\u0131sm\u0131 &#8220;\u0130srail&#8221; yap\u0131m\u0131 olan silahlara, otomatik t\u00fcfekler, askeri tabancalar ve bir &#8220;Sonobal&#8221; makineli t\u00fcfek de dahil olmak \u00fczere el konuldu\u011funu\u201d ifadelerini s\u00f6zlerine ekledi.<\/p>\n<p><a href=\"https:\/\/t.me\/SuriyeArapHaberAjansI\">Telegram Kanal\u0131m\u0131z\u00a0<\/a><\/p>\n<p><a href=\"https:\/\/www.facebook.com\/SANAHaberAjansi\/\">Facebook Sayfam\u0131z<\/a><\/p>\n","protected":false},"excerpt":{"rendered":"<p>DERA \u2013 Bir g\u00fcvenlik kayna\u011f\u0131 SANA&#8217;ya vrdi\u011fi deme\u00e7te, ter\u00f6r \u00f6rg\u00fct\u00fc &#8220;\u0130\u015e\u0130D&#8221;in en tehlikeli iki liderinin Dera&#8217;da \u00f6ld\u00fcr\u00fcld\u00fc\u011f\u00fcn\u00fc \u00a0vurgulad\u0131. Kaynak, ter\u00f6ristlerin (Hasan El Hayik ve Nebil Abdullah) suikastlar\u0131 ger\u00e7ekle\u015ftirdi\u011fini, patlay\u0131c\u0131 cihazlar yerle\u015ftirdi\u011fini ve Dera kentinde sivillere ve askeri personele y\u00f6nelik tekrarlayan sald\u0131r\u0131lar\u0131 ger\u00e7ekle\u015ftirdi\u011fini belirtti. Kaynak ayr\u0131ca, \u201cTer\u00f6ristlerin elinde bulunan ve bir k\u0131sm\u0131 &#8220;\u0130srail&#8221; yap\u0131m\u0131 olan silahlara, &hellip;<\/p>\n","protected":false},"author":39,"featured_media":280360,"comment_status":"closed","ping_status":"closed","sticky":false,"template":"","format":"standard","meta":{"footnotes":""},"categories":[479,575,17988,478],"tags":[],"class_list":["post-280359","post","type-post","status-publish","format-standard","has-post-thumbnail","","category-haberler-yerel","category-olaylar-ve-gercekler","category-son-haberler","category-yerel"],"_links":{"self":[{"href":"https:\/\/archive.sana.sy\/tr\/index.php?rest_route=\/wp\/v2\/posts\/280359","targetHints":{"allow":["GET"]}}],"collection":[{"href":"https:\/\/archive.sana.sy\/tr\/index.php?rest_route=\/wp\/v2\/posts"}],"about":[{"href":"https:\/\/archive.sana.sy\/tr\/index.php?rest_route=\/wp\/v2\/types\/post"}],"author":[{"embeddable":true,"href":"https:\/\/archive.sana.sy\/tr\/index.php?rest_route=\/wp\/v2\/users\/39"}],"replies":[{"embeddable":true,"href":"https:\/\/archive.sana.sy\/tr\/index.php?rest_route=%2Fwp%2Fv2%2Fcomments&post=280359"}],"version-history":[{"count":0,"href":"https:\/\/archive.sana.sy\/tr\/index.php?rest_route=\/wp\/v2\/posts\/280359\/revisions"}],"wp:featuredmedia":[{"embeddable":true,"href":"https:\/\/archive.sana.sy\/tr\/index.php?rest_route=\/wp\/v2\/media\/280360"}],"wp:attachment":[{"href":"https:\/\/archive.sana.sy\/tr\/index.php?rest_route=%2Fwp%2Fv2%2Fmedia&parent=280359"}],"wp:term":[{"taxonomy":"category","embeddable":true,"href":"https:\/\/archive.sana.sy\/tr\/index.php?rest_route=%2Fwp%2Fv2%2Fcategories&post=280359"},{"taxonomy":"post_tag","embeddable":true,"href":"https:\/\/archive.sana.sy\/tr\/index.php?rest_route=%2Fwp%2Fv2%2Ftags&post=280359"}],"curies":[{"name":"wp","href":"https:\/\/api.w.org\/{rel}","templated":true}]}}