{"id":280362,"date":"2023-05-09T13:12:00","date_gmt":"2023-05-09T10:12:00","guid":{"rendered":"https:\/\/sana.sy\/tr\/?p=280362"},"modified":"2023-05-10T09:10:56","modified_gmt":"2023-05-10T06:10:56","slug":"suriye-israil-isgalinin-gazze-kesiminde-isledigi-suc-sonucu-hayatini-kaybeden-filistinli-sehitlerin-ailelerine-bassagligi-diledi","status":"publish","type":"post","link":"https:\/\/archive.sana.sy\/tr\/?p=280362","title":{"rendered":"Suriye, \u0130srail \u0130\u015fgalinin Gazze Kesimi&#8217;nde \u0130\u015fledi\u011fi Su\u00e7 Sonucu Hayat\u0131n\u0131 Kaybeden Filistinli \u015eehitlerin Ailelerine Ba\u015fsa\u011fl\u0131\u011f\u0131 Diledi"},"content":{"rendered":"<p><strong>\u015eAM<\/strong> \u2013 Suriye, \u0130srail i\u015fgal g\u00fc\u00e7lerinin Gazze Kesimi&#8217;nde bug\u00fcn \u015fafak vakti d\u00fczenledi\u011fi sald\u0131r\u0131 ve su\u00e7lar sonucu hayat\u0131n\u0131 kaybeden Filistinli \u015fehitlerin ailelerine ba\u015fsa\u011fl\u0131\u011f\u0131 dileyerek, Filistin halk\u0131na ve onlar\u0131n hakl\u0131 davas\u0131na deste\u011fini yineledi.<\/p>\n<p>Bakanl\u0131k bug\u00fcn Twitter hesab\u0131ndan yapt\u0131\u011f\u0131 a\u00e7\u0131klamada: \u201c\u0130srail i\u015fgal g\u00fc\u00e7leri, i\u015fgal alt\u0131ndaki Filistin&#8217;de i\u015flemekte olduklar\u0131 sava\u015f su\u00e7lar\u0131 ve insanl\u0131\u011fa kar\u015f\u0131 su\u00e7lar dizisine bir yenisini daha ekleyerek, \u0130srail&#8217;in bug\u00fcn \u015fafak vakti Gazze \u015eeridi&#8217;ne y\u00f6nelik sald\u0131r\u0131s\u0131, \u00f6n sonu\u00e7 olarak 13 Filistinli&#8217;nin \u00f6l\u00fcm\u00fcyle sonu\u00e7land\u0131&#8221; dedi.<\/p>\n<p>D\u0131\u015fi\u015fleri Bakanl\u0131\u011f\u0131 ayr\u0131ca, \u201cArt\u0131k k\u0131nama ve k\u0131nama s\u00f6zleri yetmiyor, \u015fimdi yap\u0131lmas\u0131 gereken, \u0130srail&#8217;in Filistin halk\u0131na y\u00f6nelik bu katliamlar\u0131na son verecek ger\u00e7ek tedbirlerin al\u0131nmas\u0131 ve kendi i\u00e7 krizlerini \u00f6rtbas etmeye \u00e7al\u0131\u015fan \u0130srailli yetkililerin hesap vermesidir\u201d ifadelerini s\u00f6zlerine ekledi.<\/p>\n<p>Bakanl\u0131k a\u00e7\u0131klamas\u0131na \u015f\u00f6yle devam etti: &#8221;Suriye, \u015fehit ailelerine en derin ba\u015fsa\u011fl\u0131\u011f\u0131 dileklerini iletir ve Filistin halk\u0131na ve onlar\u0131n hakl\u0131 davas\u0131na deste\u011fini yineler ve bu t\u00fcr canice davran\u0131\u015flar\u0131n, yaln\u0131zca bu pozisyona olan ba\u011fl\u0131l\u0131\u011f\u0131n\u0131 art\u0131raca\u011f\u0131n\u0131 ve yaln\u0131zca kararl\u0131 Filistin halk\u0131n\u0131n tam haklar\u0131n\u0131 elde edinceye kadar m\u00fccadelesini s\u00fcrd\u00fcrme kararl\u0131l\u0131\u011f\u0131n\u0131n artmas\u0131na yol a\u00e7aca\u011f\u0131n\u0131 vurgulad\u0131&#8221;.<\/p>\n<p><a href=\"https:\/\/t.me\/SuriyeArapHaberAjansI\">Telegram Kanal\u0131m\u0131z\u00a0<\/a><\/p>\n<p><a href=\"https:\/\/www.facebook.com\/SANAHaberAjansi\/\">Facebook Sayfam\u0131z<\/a><\/p>\n","protected":false},"excerpt":{"rendered":"<p>\u015eAM \u2013 Suriye, \u0130srail i\u015fgal g\u00fc\u00e7lerinin Gazze Kesimi&#8217;nde bug\u00fcn \u015fafak vakti d\u00fczenledi\u011fi sald\u0131r\u0131 ve su\u00e7lar sonucu hayat\u0131n\u0131 kaybeden Filistinli \u015fehitlerin ailelerine ba\u015fsa\u011fl\u0131\u011f\u0131 dileyerek, Filistin halk\u0131na ve onlar\u0131n hakl\u0131 davas\u0131na deste\u011fini yineledi. Bakanl\u0131k bug\u00fcn Twitter hesab\u0131ndan yapt\u0131\u011f\u0131 a\u00e7\u0131klamada: \u201c\u0130srail i\u015fgal g\u00fc\u00e7leri, i\u015fgal alt\u0131ndaki Filistin&#8217;de i\u015flemekte olduklar\u0131 sava\u015f su\u00e7lar\u0131 ve insanl\u0131\u011fa kar\u015f\u0131 su\u00e7lar dizisine bir yenisini daha &hellip;<\/p>\n","protected":false},"author":39,"featured_media":280363,"comment_status":"closed","ping_status":"closed","sticky":false,"template":"","format":"standard","meta":{"footnotes":""},"categories":[479,17988,478],"tags":[],"class_list":["post-280362","post","type-post","status-publish","format-standard","has-post-thumbnail","","category-haberler-yerel","category-son-haberler","category-yerel"],"_links":{"self":[{"href":"https:\/\/archive.sana.sy\/tr\/index.php?rest_route=\/wp\/v2\/posts\/280362","targetHints":{"allow":["GET"]}}],"collection":[{"href":"https:\/\/archive.sana.sy\/tr\/index.php?rest_route=\/wp\/v2\/posts"}],"about":[{"href":"https:\/\/archive.sana.sy\/tr\/index.php?rest_route=\/wp\/v2\/types\/post"}],"author":[{"embeddable":true,"href":"https:\/\/archive.sana.sy\/tr\/index.php?rest_route=\/wp\/v2\/users\/39"}],"replies":[{"embeddable":true,"href":"https:\/\/archive.sana.sy\/tr\/index.php?rest_route=%2Fwp%2Fv2%2Fcomments&post=280362"}],"version-history":[{"count":0,"href":"https:\/\/archive.sana.sy\/tr\/index.php?rest_route=\/wp\/v2\/posts\/280362\/revisions"}],"wp:featuredmedia":[{"embeddable":true,"href":"https:\/\/archive.sana.sy\/tr\/index.php?rest_route=\/wp\/v2\/media\/280363"}],"wp:attachment":[{"href":"https:\/\/archive.sana.sy\/tr\/index.php?rest_route=%2Fwp%2Fv2%2Fmedia&parent=280362"}],"wp:term":[{"taxonomy":"category","embeddable":true,"href":"https:\/\/archive.sana.sy\/tr\/index.php?rest_route=%2Fwp%2Fv2%2Fcategories&post=280362"},{"taxonomy":"post_tag","embeddable":true,"href":"https:\/\/archive.sana.sy\/tr\/index.php?rest_route=%2Fwp%2Fv2%2Ftags&post=280362"}],"curies":[{"name":"wp","href":"https:\/\/api.w.org\/{rel}","templated":true}]}}